{"id":3757,"date":"2025-12-02T15:59:48","date_gmt":"2025-12-02T18:59:48","guid":{"rendered":"https:\/\/comeca.uy\/web\/?p=3757"},"modified":"2025-12-02T16:01:12","modified_gmt":"2025-12-02T19:01:12","slug":"jornada-vacunacion-contra-el-sarampion","status":"publish","type":"post","link":"https:\/\/comeca.uy\/web\/jornada-vacunacion-contra-el-sarampion\/","title":{"rendered":"Jornada Vacunaci\u00f3n contra el Sarampi\u00f3n"},"content":{"rendered":"\n<p>El s\u00e1bado 6 de diciembre de 8:00 a 12:00 hs. en los consultorios 41 y 42 del Resonador, ponemos en marcha el plan estrat\u00e9gico dise\u00f1ado para el bloqueo del Brote de Sarampi\u00f3n mediante la inmunizaci\u00f3n..<\/p>\n\n\n\n<p>Sin agenda previa, se dar\u00e1n n\u00fameros por orden de llegada.<\/p>\n\n\n\n<p>La vacuna est\u00e1 indicada en los siguientes grupos.<br>ni\u00f1os de 12 meses de vida.<br>ni\u00f1os de 15 meses o m\u00e1s que deban recibir la segunda dosis de SRP.<br>Personas nacidas despu\u00e9s de 1967 que no puedan acreditar 2 dosis de Vacuna SRP en el certificado esquema de vacunaci\u00f3n.<br>Personal de Salud y Servicios esenciales que no puedan acreditar el esquema completo&nbsp;de&nbsp;2&nbsp;dosis.<\/p>\n\n\n\n<figure class=\"wp-block-image size-large\"><img loading=\"lazy\" decoding=\"async\" width=\"819\" height=\"1024\" src=\"https:\/\/comeca.uy\/web\/wp-content\/uploads\/2025\/12\/Vacunacion-819x1024.jpg\" alt=\"\" class=\"wp-image-3758\" srcset=\"https:\/\/comeca.uy\/web\/wp-content\/uploads\/2025\/12\/Vacunacion-819x1024.jpg 819w, https:\/\/comeca.uy\/web\/wp-content\/uploads\/2025\/12\/Vacunacion-240x300.jpg 240w, https:\/\/comeca.uy\/web\/wp-content\/uploads\/2025\/12\/Vacunacion-768x960.jpg 768w, https:\/\/comeca.uy\/web\/wp-content\/uploads\/2025\/12\/Vacunacion-1229x1536.jpg 1229w, https:\/\/comeca.uy\/web\/wp-content\/uploads\/2025\/12\/Vacunacion-370x463.jpg 370w, https:\/\/comeca.uy\/web\/wp-content\/uploads\/2025\/12\/Vacunacion-270x338.jpg 270w, https:\/\/comeca.uy\/web\/wp-content\/uploads\/2025\/12\/Vacunacion-570x713.jpg 570w, https:\/\/comeca.uy\/web\/wp-content\/uploads\/2025\/12\/Vacunacion-740x925.jpg 740w, https:\/\/comeca.uy\/web\/wp-content\/uploads\/2025\/12\/Vacunacion.jpg 1280w\" sizes=\"auto, (max-width: 819px) 100vw, 819px\" \/><\/figure>\n","protected":false},"excerpt":{"rendered":"<p>El s\u00e1bado 6 de diciembre de 8:00 a 12:00 hs. en los consultorios 41 y 42 del Resonador, ponemos en marcha el plan estrat\u00e9gico dise\u00f1ado para el bloqueo del Brote de Sarampi\u00f3n mediante la inmunizaci\u00f3n.. Sin agenda previa, se dar\u00e1n n\u00fameros por orden de llegada. La vacuna est\u00e1 indicada en los siguientes grupos.ni\u00f1os de 12 [&hellip;]<\/p>\n","protected":false},"author":2,"featured_media":3758,"comment_status":"closed","ping_status":"closed","sticky":false,"template":"","format":"standard","meta":{"footnotes":""},"categories":[53],"tags":[],"class_list":["post-3757","post","type-post","status-publish","format-standard","has-post-thumbnail","hentry","category-noticias"],"_links":{"self":[{"href":"https:\/\/comeca.uy\/web\/wp-json\/wp\/v2\/posts\/3757","targetHints":{"allow":["GET"]}}],"collection":[{"href":"https:\/\/comeca.uy\/web\/wp-json\/wp\/v2\/posts"}],"about":[{"href":"https:\/\/comeca.uy\/web\/wp-json\/wp\/v2\/types\/post"}],"author":[{"embeddable":true,"href":"https:\/\/comeca.uy\/web\/wp-json\/wp\/v2\/users\/2"}],"replies":[{"embeddable":true,"href":"https:\/\/comeca.uy\/web\/wp-json\/wp\/v2\/comments?post=3757"}],"version-history":[{"count":1,"href":"https:\/\/comeca.uy\/web\/wp-json\/wp\/v2\/posts\/3757\/revisions"}],"predecessor-version":[{"id":3759,"href":"https:\/\/comeca.uy\/web\/wp-json\/wp\/v2\/posts\/3757\/revisions\/3759"}],"wp:featuredmedia":[{"embeddable":true,"href":"https:\/\/comeca.uy\/web\/wp-json\/wp\/v2\/media\/3758"}],"wp:attachment":[{"href":"https:\/\/comeca.uy\/web\/wp-json\/wp\/v2\/media?parent=3757"}],"wp:term":[{"taxonomy":"category","embeddable":true,"href":"https:\/\/comeca.uy\/web\/wp-json\/wp\/v2\/categories?post=3757"},{"taxonomy":"post_tag","embeddable":true,"href":"https:\/\/comeca.uy\/web\/wp-json\/wp\/v2\/tags?post=3757"}],"curies":[{"name":"wp","href":"https:\/\/api.w.org\/{rel}","templated":true}]}}