{"id":3745,"date":"2025-11-13T16:30:47","date_gmt":"2025-11-13T19:30:47","guid":{"rendered":"https:\/\/comeca.uy\/web\/?p=3745"},"modified":"2025-11-13T16:30:48","modified_gmt":"2025-11-13T19:30:48","slug":"llamado-a-licenciados-en-terapia-ocupacional-para-integrar-equipo-multidisciplinario","status":"publish","type":"post","link":"https:\/\/comeca.uy\/web\/llamado-a-licenciados-en-terapia-ocupacional-para-integrar-equipo-multidisciplinario\/","title":{"rendered":"LLAMADO A LICENCIADOS EN TERAPIA OCUPACIONAL PARA INTEGRAR EQUIPO MULTIDISCIPLINARIO"},"content":{"rendered":"\n<p>REQUISITOS EXCLUYENTES<br>Licenciado en Terapia Ocupacional, t\u00edtulo expedido por la Escuela de Tecnolog\u00eda M\u00e9dica de la Facultad de Medicina o Instituci\u00f3n privada habilitada por el MSP o estudiante avanzado en la carrera.<\/p>\n\n\n\n<p>Formaci\u00f3n espec\u00edfica en el \u00e1rea de rehabilitaci\u00f3n psico-social, terapia ocupacional, etc.<\/p>\n\n\n\n<p>Disponibilidad horaria.<br>Residir en zonas de influencia de COMECA Canelones &#8211; Santa Luc\u00eda<\/p>\n\n\n\n<p>SE VALORAR\u00c1<br>Formaci\u00f3n complementaria af\u00edn a las particularidades del cargo<br>Experiencia laboral en tareas de similar porte<br>Nivel de desarrollo de las siguientes competencias: Capacidad para el establecimiento de relaciones interpersonales, autonom\u00eda operativa, criterio y gesti\u00f3n de tiempo, adaptabilidad y flexibilidad ante los cambios, capacidad de trabajo en equipo<\/p>\n\n\n\n<p>PRESENTACI\u00d3N DE SOLICITUDES<br>Los interesados deber\u00e1n presentar su Curr\u00edculum en el Dpto. de RRHH (Batlle y Ordo\u00f1ez 136, 2o piso) en el horario de 10 a 17 horas o remitirlo por mail a: llamados@comeca.com.uy<\/p>\n\n\n\n<p>Es imprescindible adjuntar la documentaci\u00f3n correspondiente que acredite la formaci\u00f3n y experiencia especificada. Fotocopia de C.I. y constancia de domicilio.<\/p>\n\n\n\n<p>La recepci\u00f3n de solicitudes es hasta el 4 de Diciembre de 2025.<\/p>\n\n\n\n<figure class=\"wp-block-image size-large\"><img loading=\"lazy\" decoding=\"async\" width=\"819\" height=\"1024\" src=\"https:\/\/comeca.uy\/web\/wp-content\/uploads\/2025\/11\/WhatsApp-Image-2025-11-13-at-10.01.45-819x1024.jpeg\" alt=\"\" class=\"wp-image-3746\" srcset=\"https:\/\/comeca.uy\/web\/wp-content\/uploads\/2025\/11\/WhatsApp-Image-2025-11-13-at-10.01.45-819x1024.jpeg 819w, https:\/\/comeca.uy\/web\/wp-content\/uploads\/2025\/11\/WhatsApp-Image-2025-11-13-at-10.01.45-240x300.jpeg 240w, https:\/\/comeca.uy\/web\/wp-content\/uploads\/2025\/11\/WhatsApp-Image-2025-11-13-at-10.01.45-768x960.jpeg 768w, https:\/\/comeca.uy\/web\/wp-content\/uploads\/2025\/11\/WhatsApp-Image-2025-11-13-at-10.01.45-1229x1536.jpeg 1229w, https:\/\/comeca.uy\/web\/wp-content\/uploads\/2025\/11\/WhatsApp-Image-2025-11-13-at-10.01.45-370x463.jpeg 370w, https:\/\/comeca.uy\/web\/wp-content\/uploads\/2025\/11\/WhatsApp-Image-2025-11-13-at-10.01.45-270x338.jpeg 270w, https:\/\/comeca.uy\/web\/wp-content\/uploads\/2025\/11\/WhatsApp-Image-2025-11-13-at-10.01.45-570x713.jpeg 570w, https:\/\/comeca.uy\/web\/wp-content\/uploads\/2025\/11\/WhatsApp-Image-2025-11-13-at-10.01.45-740x925.jpeg 740w, https:\/\/comeca.uy\/web\/wp-content\/uploads\/2025\/11\/WhatsApp-Image-2025-11-13-at-10.01.45.jpeg 1280w\" sizes=\"auto, (max-width: 819px) 100vw, 819px\" \/><\/figure>\n","protected":false},"excerpt":{"rendered":"<p>REQUISITOS EXCLUYENTESLicenciado en Terapia Ocupacional, t\u00edtulo expedido por la Escuela de Tecnolog\u00eda M\u00e9dica de la Facultad de Medicina o Instituci\u00f3n privada habilitada por el MSP o estudiante avanzado en la carrera. Formaci\u00f3n espec\u00edfica en el \u00e1rea de rehabilitaci\u00f3n psico-social, terapia ocupacional, etc. Disponibilidad horaria.Residir en zonas de influencia de COMECA Canelones &#8211; Santa Luc\u00eda SE [&hellip;]<\/p>\n","protected":false},"author":2,"featured_media":3746,"comment_status":"closed","ping_status":"closed","sticky":false,"template":"","format":"standard","meta":{"footnotes":""},"categories":[43],"tags":[],"class_list":["post-3745","post","type-post","status-publish","format-standard","has-post-thumbnail","hentry","category-llamados"],"_links":{"self":[{"href":"https:\/\/comeca.uy\/web\/wp-json\/wp\/v2\/posts\/3745","targetHints":{"allow":["GET"]}}],"collection":[{"href":"https:\/\/comeca.uy\/web\/wp-json\/wp\/v2\/posts"}],"about":[{"href":"https:\/\/comeca.uy\/web\/wp-json\/wp\/v2\/types\/post"}],"author":[{"embeddable":true,"href":"https:\/\/comeca.uy\/web\/wp-json\/wp\/v2\/users\/2"}],"replies":[{"embeddable":true,"href":"https:\/\/comeca.uy\/web\/wp-json\/wp\/v2\/comments?post=3745"}],"version-history":[{"count":1,"href":"https:\/\/comeca.uy\/web\/wp-json\/wp\/v2\/posts\/3745\/revisions"}],"predecessor-version":[{"id":3747,"href":"https:\/\/comeca.uy\/web\/wp-json\/wp\/v2\/posts\/3745\/revisions\/3747"}],"wp:featuredmedia":[{"embeddable":true,"href":"https:\/\/comeca.uy\/web\/wp-json\/wp\/v2\/media\/3746"}],"wp:attachment":[{"href":"https:\/\/comeca.uy\/web\/wp-json\/wp\/v2\/media?parent=3745"}],"wp:term":[{"taxonomy":"category","embeddable":true,"href":"https:\/\/comeca.uy\/web\/wp-json\/wp\/v2\/categories?post=3745"},{"taxonomy":"post_tag","embeddable":true,"href":"https:\/\/comeca.uy\/web\/wp-json\/wp\/v2\/tags?post=3745"}],"curies":[{"name":"wp","href":"https:\/\/api.w.org\/{rel}","templated":true}]}}