{"id":3729,"date":"2025-11-05T14:15:25","date_gmt":"2025-11-05T17:15:25","guid":{"rendered":"https:\/\/comeca.uy\/web\/?p=3729"},"modified":"2025-11-05T14:19:34","modified_gmt":"2025-11-05T17:19:34","slug":"llamado-aspirantes-para-configurar-lista-de-suplentes-para-el-desempeno-de-funciones-de-medico-especialista-en-psiquiatria","status":"publish","type":"post","link":"https:\/\/comeca.uy\/web\/llamado-aspirantes-para-configurar-lista-de-suplentes-para-el-desempeno-de-funciones-de-medico-especialista-en-psiquiatria\/","title":{"rendered":"Llamado aspirantes para configurar lista de suplentes para el desempe\u00f1o de funciones de M\u00e9dico Especialista en Psiquiatr\u00eda"},"content":{"rendered":"\n<p>REQUISITOS EXCLUYENTES<br>T\u00edtulo de M\u00e9dico expedido por la Facultad de Medicina de la UDELAR Instituciones Privadas habilitadas por el Ministerio de Educaci\u00f3n y Cultura.<br>T\u00edtulo de Especialista en Psiquiatr\u00eda o cursando 3er. a\u00f1o de la Residencia o el posgrado con 4 semestres aprobados, con el aval de la C\u00e1tedra de Psiquiatr\u00eda de la Facultad de Medicina.<\/p>\n\n\n\n<p>SE VALORAR\u00c1<br>Formaci\u00f3n complementaria af\u00edn a las particularidades del cargo<br>Experiencia laboral en tareas de similar porte<br>Disponibilidad horaria<br>Residir en zona de influencia de COMECA<\/p>\n\n\n\n<p>FUNCIONES PRINCIPALES<br>M\u00e9dico ret\u00e9n de guardia en Sanatorios COMECA: Canelones y Santa Luc\u00eda<br>Interpsiquis<br>Policl\u00ednicas<br>Interconsulta Sanatorial<\/p>\n\n\n\n<p>PRESENTACI\u00d3N DE SOLICITUDES<br>Los interesados deber\u00e1n presentar su Curr\u00edculum en el Dpto. de RRHH (Batlle y Ordo\u00f1ez 136, 2\u00ba piso) en el horario de 10 a 17 horas o remitirlo por mail a: llamados@comeca.com.uy<\/p>\n\n\n\n<p>Es imprescindible adjuntar la documentaci\u00f3n correspondiente que acredite la formaci\u00f3n y experiencia especificada. Adem\u00e1s de fotocopia de C.I. y constancia de domicilio.<\/p>\n\n\n\n<p>La recepci\u00f3n de solicitudes es hasta el 4 de diciembre de 2025.<\/p>\n\n\n\n<p><\/p>\n","protected":false},"excerpt":{"rendered":"<p>REQUISITOS EXCLUYENTEST\u00edtulo de M\u00e9dico expedido por la Facultad de Medicina de la UDELAR Instituciones Privadas habilitadas por el Ministerio de Educaci\u00f3n y Cultura.T\u00edtulo de Especialista en Psiquiatr\u00eda o cursando 3er. a\u00f1o de la Residencia o el posgrado con 4 semestres aprobados, con el aval de la C\u00e1tedra de Psiquiatr\u00eda de la Facultad de Medicina. SE [&hellip;]<\/p>\n","protected":false},"author":2,"featured_media":3730,"comment_status":"closed","ping_status":"closed","sticky":false,"template":"","format":"standard","meta":{"footnotes":""},"categories":[43],"tags":[],"class_list":["post-3729","post","type-post","status-publish","format-standard","has-post-thumbnail","hentry","category-llamados"],"_links":{"self":[{"href":"https:\/\/comeca.uy\/web\/wp-json\/wp\/v2\/posts\/3729","targetHints":{"allow":["GET"]}}],"collection":[{"href":"https:\/\/comeca.uy\/web\/wp-json\/wp\/v2\/posts"}],"about":[{"href":"https:\/\/comeca.uy\/web\/wp-json\/wp\/v2\/types\/post"}],"author":[{"embeddable":true,"href":"https:\/\/comeca.uy\/web\/wp-json\/wp\/v2\/users\/2"}],"replies":[{"embeddable":true,"href":"https:\/\/comeca.uy\/web\/wp-json\/wp\/v2\/comments?post=3729"}],"version-history":[{"count":3,"href":"https:\/\/comeca.uy\/web\/wp-json\/wp\/v2\/posts\/3729\/revisions"}],"predecessor-version":[{"id":3734,"href":"https:\/\/comeca.uy\/web\/wp-json\/wp\/v2\/posts\/3729\/revisions\/3734"}],"wp:featuredmedia":[{"embeddable":true,"href":"https:\/\/comeca.uy\/web\/wp-json\/wp\/v2\/media\/3730"}],"wp:attachment":[{"href":"https:\/\/comeca.uy\/web\/wp-json\/wp\/v2\/media?parent=3729"}],"wp:term":[{"taxonomy":"category","embeddable":true,"href":"https:\/\/comeca.uy\/web\/wp-json\/wp\/v2\/categories?post=3729"},{"taxonomy":"post_tag","embeddable":true,"href":"https:\/\/comeca.uy\/web\/wp-json\/wp\/v2\/tags?post=3729"}],"curies":[{"name":"wp","href":"https:\/\/api.w.org\/{rel}","templated":true}]}}