{"id":3715,"date":"2025-10-01T17:54:22","date_gmt":"2025-10-01T20:54:22","guid":{"rendered":"https:\/\/comeca.uy\/web\/?p=3715"},"modified":"2025-10-01T17:54:23","modified_gmt":"2025-10-01T20:54:23","slug":"llamado-suplentes-de-medicos-geriatras","status":"publish","type":"post","link":"https:\/\/comeca.uy\/web\/llamado-suplentes-de-medicos-geriatras\/","title":{"rendered":"LLAMADO: SUPLENTES de M\u00c9DICOS GERIATRAS"},"content":{"rendered":"\n<p>APERTURA DE LLAMADO a interesados en conformar lista de SUPLENTES de M\u00c9DICOS GERIATRAS para integrar equipo multidisciplinario<\/p>\n\n\n\n<p>REQUISITOS EXCLUYENTES<br>T\u00edtulo de Doctor en Medicina expedido por la Universidad de la Rep\u00fablica (UDELAR) o Instituciones Privadas habilitadas por el Ministerio de Educaci\u00f3n y Cultura. Registrado y habilitado por el M.S.P.<\/p>\n\n\n\n<p>T\u00edtulo de M\u00e9dico Geriatra, registrado y habilitado por el M.S.P. o constancia correspondiente de la C\u00e1tedra de Geriatr\u00eda que avale el encontrarse cursando el \u00faltimo a\u00f1o del Posgrado o residencia en la especialidad.<\/p>\n\n\n\n<p>Hasta 50 a\u00f1os de edad cumplidos al d\u00eda anterior al inicio de las inscripciones.<br>PRESENTACI\u00d3N DE SOLICITUDES<br>\uf0b7 Los interesados deber\u00e1n presentar su Curr\u00edculum en el Dpto. de RRHH (Batlle y Ordo\u00f1ez 136, 2\u00ba piso) en el horario de 10 a 17 horas o remitirlo por mail a: seleccion@comeca.com.uy<\/p>\n\n\n\n<p>Es imprescindible adjuntar la documentaci\u00f3n correspondiente que acredite la formaci\u00f3n y experiencia especificada en Curr\u00edclum. Adem\u00e1s de fotocopia de C.I. y constancia de domicilio.<\/p>\n\n\n\n<p>La recepci\u00f3n de solicitudes es hasta el 31 de Octubre de 2025.<\/p>\n","protected":false},"excerpt":{"rendered":"<p>APERTURA DE LLAMADO a interesados en conformar lista de SUPLENTES de M\u00c9DICOS GERIATRAS para integrar equipo multidisciplinario REQUISITOS EXCLUYENTEST\u00edtulo de Doctor en Medicina expedido por la Universidad de la Rep\u00fablica (UDELAR) o Instituciones Privadas habilitadas por el Ministerio de Educaci\u00f3n y Cultura. Registrado y habilitado por el M.S.P. T\u00edtulo de M\u00e9dico Geriatra, registrado y habilitado [&hellip;]<\/p>\n","protected":false},"author":1,"featured_media":3716,"comment_status":"closed","ping_status":"closed","sticky":false,"template":"","format":"standard","meta":{"footnotes":""},"categories":[43],"tags":[],"class_list":["post-3715","post","type-post","status-publish","format-standard","has-post-thumbnail","hentry","category-llamados"],"_links":{"self":[{"href":"https:\/\/comeca.uy\/web\/wp-json\/wp\/v2\/posts\/3715","targetHints":{"allow":["GET"]}}],"collection":[{"href":"https:\/\/comeca.uy\/web\/wp-json\/wp\/v2\/posts"}],"about":[{"href":"https:\/\/comeca.uy\/web\/wp-json\/wp\/v2\/types\/post"}],"author":[{"embeddable":true,"href":"https:\/\/comeca.uy\/web\/wp-json\/wp\/v2\/users\/1"}],"replies":[{"embeddable":true,"href":"https:\/\/comeca.uy\/web\/wp-json\/wp\/v2\/comments?post=3715"}],"version-history":[{"count":1,"href":"https:\/\/comeca.uy\/web\/wp-json\/wp\/v2\/posts\/3715\/revisions"}],"predecessor-version":[{"id":3717,"href":"https:\/\/comeca.uy\/web\/wp-json\/wp\/v2\/posts\/3715\/revisions\/3717"}],"wp:featuredmedia":[{"embeddable":true,"href":"https:\/\/comeca.uy\/web\/wp-json\/wp\/v2\/media\/3716"}],"wp:attachment":[{"href":"https:\/\/comeca.uy\/web\/wp-json\/wp\/v2\/media?parent=3715"}],"wp:term":[{"taxonomy":"category","embeddable":true,"href":"https:\/\/comeca.uy\/web\/wp-json\/wp\/v2\/categories?post=3715"},{"taxonomy":"post_tag","embeddable":true,"href":"https:\/\/comeca.uy\/web\/wp-json\/wp\/v2\/tags?post=3715"}],"curies":[{"name":"wp","href":"https:\/\/api.w.org\/{rel}","templated":true}]}}