{"id":3702,"date":"2025-08-01T15:52:53","date_gmt":"2025-08-01T18:52:53","guid":{"rendered":"https:\/\/comeca.uy\/web\/?p=3702"},"modified":"2025-08-01T15:52:54","modified_gmt":"2025-08-01T18:52:54","slug":"semana-mundial-de-la-lactancia-materna-3","status":"publish","type":"post","link":"https:\/\/comeca.uy\/web\/semana-mundial-de-la-lactancia-materna-3\/","title":{"rendered":"Semana Mundial de la Lactancia Materna"},"content":{"rendered":"\n<p>En el marco de la Semana Mundial de la Lactancia Materna, reafirmamos nuestro compromiso con la promoci\u00f3n de la alimentaci\u00f3n a pecho de los beb\u00e9s, ofreciendo un acompa\u00f1amiento a las madres ya desde&nbsp; el embarazo, con preparaci\u00f3n para el parto y la lactancia.<\/p>\n\n\n\n<p>Las clases de parto dictadas por parteras y nutricionistas, sumadas al apoyo inmediato al nacimiento por parte de nuestro equipo de salud y el hecho de contar con la presencia de un pediatra las 24 horas en el sector materno-infantil, y de un servicio telef\u00f3nico tambi\u00e9n durante todo el d\u00eda,&nbsp;la existencia del Programa \u201cPrimera vez mam\u00e1\u201d, que incluye un acompa\u00f1amiento post-alta mediante llamadas telef\u00f3nicas en los primeros d\u00edas del puerperio. a las madres primerizas, hacen posible que nuestras usuarias tengan las condiciones y el respaldo para una efectiva lactancia.<\/p>\n\n\n\n<p><\/p>\n\n\n\n<figure class=\"wp-block-video\"><video controls src=\"https:\/\/comeca.uy\/videos\/SemanaLactancia2025_1.mp4\"><\/video><\/figure>\n\n\n\n<figure class=\"wp-block-video\"><video controls src=\"https:\/\/comeca.uy\/videos\/SemanaLactancia2025_2.mp4\"><\/video><\/figure>\n\n\n\n<figure class=\"wp-block-video\"><video controls src=\"https:\/\/comeca.uy\/videos\/SemanaLactancia2025_3.mp4\"><\/video><\/figure>\n","protected":false},"excerpt":{"rendered":"<p>En el marco de la Semana Mundial de la Lactancia Materna, reafirmamos nuestro compromiso con la promoci\u00f3n de la alimentaci\u00f3n a pecho de los beb\u00e9s, ofreciendo un acompa\u00f1amiento a las madres ya desde&nbsp; el embarazo, con preparaci\u00f3n para el parto y la lactancia. Las clases de parto dictadas por parteras y nutricionistas, sumadas al apoyo [&hellip;]<\/p>\n","protected":false},"author":1,"featured_media":3703,"comment_status":"closed","ping_status":"closed","sticky":false,"template":"","format":"standard","meta":{"footnotes":""},"categories":[53],"tags":[],"class_list":["post-3702","post","type-post","status-publish","format-standard","has-post-thumbnail","hentry","category-noticias"],"_links":{"self":[{"href":"https:\/\/comeca.uy\/web\/wp-json\/wp\/v2\/posts\/3702","targetHints":{"allow":["GET"]}}],"collection":[{"href":"https:\/\/comeca.uy\/web\/wp-json\/wp\/v2\/posts"}],"about":[{"href":"https:\/\/comeca.uy\/web\/wp-json\/wp\/v2\/types\/post"}],"author":[{"embeddable":true,"href":"https:\/\/comeca.uy\/web\/wp-json\/wp\/v2\/users\/1"}],"replies":[{"embeddable":true,"href":"https:\/\/comeca.uy\/web\/wp-json\/wp\/v2\/comments?post=3702"}],"version-history":[{"count":1,"href":"https:\/\/comeca.uy\/web\/wp-json\/wp\/v2\/posts\/3702\/revisions"}],"predecessor-version":[{"id":3704,"href":"https:\/\/comeca.uy\/web\/wp-json\/wp\/v2\/posts\/3702\/revisions\/3704"}],"wp:featuredmedia":[{"embeddable":true,"href":"https:\/\/comeca.uy\/web\/wp-json\/wp\/v2\/media\/3703"}],"wp:attachment":[{"href":"https:\/\/comeca.uy\/web\/wp-json\/wp\/v2\/media?parent=3702"}],"wp:term":[{"taxonomy":"category","embeddable":true,"href":"https:\/\/comeca.uy\/web\/wp-json\/wp\/v2\/categories?post=3702"},{"taxonomy":"post_tag","embeddable":true,"href":"https:\/\/comeca.uy\/web\/wp-json\/wp\/v2\/tags?post=3702"}],"curies":[{"name":"wp","href":"https:\/\/api.w.org\/{rel}","templated":true}]}}