{"id":3666,"date":"2025-06-27T13:01:10","date_gmt":"2025-06-27T16:01:10","guid":{"rendered":"https:\/\/comeca.uy\/web\/?p=3666"},"modified":"2025-06-27T13:01:10","modified_gmt":"2025-06-27T16:01:10","slug":"llamado-a-medico-especialista-en-salud-ocupacional","status":"publish","type":"post","link":"https:\/\/comeca.uy\/web\/llamado-a-medico-especialista-en-salud-ocupacional\/","title":{"rendered":"LLAMADO A M\u00c9DICO ESPECIALISTA EN SALUD OCUPACIONAL"},"content":{"rendered":"\n<p>APERTURA LLAMADO A M\u00c9DICO ESPECIALISTA EN SALUD OCUPACIONAL<\/p>\n\n\n\n<p>Se llama a aspirantes para cubrir un cargo de M\u00e9dico en el Servicio de Seguridad y Salud Ocupacional<\/p>\n\n\n\n<p>REQUISITOS EXCLUYENTES<br>T\u00edtulo de Doctor en Medicina expedido por la Universidad de la Rep\u00fablica<br>(UDELAR) o Instituciones Privadas habilitadas por el Ministerio de Educaci\u00f3n y Cultura. Registrado y habilitado por el M.S.P.<\/p>\n\n\n\n<p>T\u00edtulo de Especialista en Salud Ocupacional o constancia correspondiente que avale el encontrarse cursando el \u00faltimo a\u00f1o del Posgrado.<\/p>\n\n\n\n<p>Hasta 50 a\u00f1os de edad cumplidos al d\u00eda anterior al inicio de las inscripciones.<\/p>\n\n\n\n<p>PRESENTACI\u00d3N DE SOLICITUDES<br>Los interesados deber\u00e1n presentar su Curr\u00edculum en el Dpto. de RRHH (Batlle y Ordo\u00f1ez 136, 2\u00ba piso) en el horario de 10 a 17 horas o remitirlo por mail a: seleccion@comeca.com.uy<\/p>\n\n\n\n<p>Es imprescindible adjuntar la documentaci\u00f3n correspondiente que acredite la formaci\u00f3n y experiencia especificada en Curr\u00edclum. Adem\u00e1s de fotocopia de C.I. y constancia de domicilio.<\/p>\n\n\n\n<p>La recepci\u00f3n de solicitudes es hasta el 16 de Julio de 2025.<\/p>\n","protected":false},"excerpt":{"rendered":"<p>APERTURA LLAMADO A M\u00c9DICO ESPECIALISTA EN SALUD OCUPACIONAL Se llama a aspirantes para cubrir un cargo de M\u00e9dico en el Servicio de Seguridad y Salud Ocupacional REQUISITOS EXCLUYENTEST\u00edtulo de Doctor en Medicina expedido por la Universidad de la Rep\u00fablica(UDELAR) o Instituciones Privadas habilitadas por el Ministerio de Educaci\u00f3n y Cultura. Registrado y habilitado por el [&hellip;]<\/p>\n","protected":false},"author":1,"featured_media":3667,"comment_status":"closed","ping_status":"closed","sticky":false,"template":"","format":"standard","meta":{"footnotes":""},"categories":[43],"tags":[],"class_list":["post-3666","post","type-post","status-publish","format-standard","has-post-thumbnail","hentry","category-llamados"],"_links":{"self":[{"href":"https:\/\/comeca.uy\/web\/wp-json\/wp\/v2\/posts\/3666","targetHints":{"allow":["GET"]}}],"collection":[{"href":"https:\/\/comeca.uy\/web\/wp-json\/wp\/v2\/posts"}],"about":[{"href":"https:\/\/comeca.uy\/web\/wp-json\/wp\/v2\/types\/post"}],"author":[{"embeddable":true,"href":"https:\/\/comeca.uy\/web\/wp-json\/wp\/v2\/users\/1"}],"replies":[{"embeddable":true,"href":"https:\/\/comeca.uy\/web\/wp-json\/wp\/v2\/comments?post=3666"}],"version-history":[{"count":1,"href":"https:\/\/comeca.uy\/web\/wp-json\/wp\/v2\/posts\/3666\/revisions"}],"predecessor-version":[{"id":3669,"href":"https:\/\/comeca.uy\/web\/wp-json\/wp\/v2\/posts\/3666\/revisions\/3669"}],"wp:featuredmedia":[{"embeddable":true,"href":"https:\/\/comeca.uy\/web\/wp-json\/wp\/v2\/media\/3667"}],"wp:attachment":[{"href":"https:\/\/comeca.uy\/web\/wp-json\/wp\/v2\/media?parent=3666"}],"wp:term":[{"taxonomy":"category","embeddable":true,"href":"https:\/\/comeca.uy\/web\/wp-json\/wp\/v2\/categories?post=3666"},{"taxonomy":"post_tag","embeddable":true,"href":"https:\/\/comeca.uy\/web\/wp-json\/wp\/v2\/tags?post=3666"}],"curies":[{"name":"wp","href":"https:\/\/api.w.org\/{rel}","templated":true}]}}