{"id":3327,"date":"2025-02-18T15:39:31","date_gmt":"2025-02-18T18:39:31","guid":{"rendered":"https:\/\/comeca.uy\/?p=3285"},"modified":"2025-04-03T11:51:49","modified_gmt":"2025-04-03T11:51:49","slug":"llamado-administrativos-suplentes-para-canelones-y-santa-lucia","status":"publish","type":"post","link":"https:\/\/comeca.uy\/web\/llamado-administrativos-suplentes-para-canelones-y-santa-lucia\/","title":{"rendered":"Llamado: Administrativos suplentes para Canelones y Santa Luc\u00eda"},"content":{"rendered":"\n<figure class=\"wp-block-image size-large\"><img decoding=\"async\" src=\"https:\/\/comeca.uy\/wp-content\/uploads\/2025\/02\/WhatsApp-Image-2025-02-17-at-18.51.23-1024x1024.jpeg\" alt=\"\" class=\"wp-image-3286\"\/><\/figure>\n\n\n\n<p>Se llama a aspirantes para integrar lista de Administrativos suplentes para Canelones y Santa Luc\u00eda<\/p>\n\n\n\n<p>REQUISITOS EXCLUYENTES<br>Bachillerato completo de Ense\u00f1anza Secundaria o su equivalente del Consejo de Educaci\u00f3n T\u00e9cnico Profesional CETP (ex UTU).<br>Edad entre 18 y 45 a\u00f1os (cumplidos al momento del cierre de la inscripci\u00f3n)<br>Residir en zona de influencia de COMECA Canelones \u2013 Santa Luc\u00eda.<br>Amplia disponibilidad horaria.<\/p>\n\n\n\n<p>SE VALORAR\u00c1<br>Conocimientos Administrativos \u2013 Contables.<br>Formaci\u00f3n Complementaria af\u00edn a tareas administrativas y de atenci\u00f3n al usuario.<br>Experiencia en tareas administrativas y\/o de atenci\u00f3n al cliente.<br>Nivel de desarrollo de las siguientes competencias: Compromiso y responsabilidad, -orientaci\u00f3n al Cliente, \u2013 orientaci\u00f3n a resultados, \u2013 adaptabilidad y flexibilidad ante los cambios, capacidad y apertura al aprendizaje.<br>Se define la inclusi\u00f3n en el listado de suplentes de un porcentaje no inferior al 3% de los postulantes interesados en el Llamado, que est\u00e9n inscriptos en el Registro de la Comisi\u00f3n Honoraria de la Discapacidad y re\u00fanan las condiciones de idoneidad de acuerdo a la Ley 19.691<\/p>\n\n\n\n<p>PRESENTACI\u00d3N DE SOLICITUDES<br>Los interesados deber\u00e1n presentar su Curr\u00edculum en el Dpto. de RRHH (Batlle y Ordo\u00f1ez 136, 2\u00ba piso) en el horario de 10 a 17 horas o remitirlo por mail a: trabajo@comeca.com.uy<br>Es imprescindible adjuntar la documentaci\u00f3n correspondiente que acredite la formaci\u00f3n y experiencia especificada. Fotocopia de C.I. y constancia de domicilio.<\/p>\n\n\n\n<p>La recepci\u00f3n de solicitudes es hasta el 20 de Marzo de 2025<\/p>\n\n\n\n<p><a href=\"http:\/\/192.168.1.90\/intranet\/?p=8799\"><\/a><\/p>\n","protected":false},"excerpt":{"rendered":"<p>Se llama a aspirantes para integrar lista de Administrativos suplentes para Canelones y Santa Luc\u00eda REQUISITOS EXCLUYENTESBachillerato completo de Ense\u00f1anza Secundaria o su equivalente del Consejo de Educaci\u00f3n T\u00e9cnico Profesional CETP (ex UTU).Edad entre 18 y 45 a\u00f1os (cumplidos al momento del cierre de la inscripci\u00f3n)Residir en zona de influencia de COMECA Canelones \u2013 Santa [&hellip;]<\/p>\n","protected":false},"author":1,"featured_media":3405,"comment_status":"closed","ping_status":"closed","sticky":false,"template":"","format":"standard","meta":{"footnotes":""},"categories":[43],"tags":[],"class_list":["post-3327","post","type-post","status-publish","format-standard","has-post-thumbnail","hentry","category-llamados"],"_links":{"self":[{"href":"https:\/\/comeca.uy\/web\/wp-json\/wp\/v2\/posts\/3327","targetHints":{"allow":["GET"]}}],"collection":[{"href":"https:\/\/comeca.uy\/web\/wp-json\/wp\/v2\/posts"}],"about":[{"href":"https:\/\/comeca.uy\/web\/wp-json\/wp\/v2\/types\/post"}],"author":[{"embeddable":true,"href":"https:\/\/comeca.uy\/web\/wp-json\/wp\/v2\/users\/1"}],"replies":[{"embeddable":true,"href":"https:\/\/comeca.uy\/web\/wp-json\/wp\/v2\/comments?post=3327"}],"version-history":[{"count":1,"href":"https:\/\/comeca.uy\/web\/wp-json\/wp\/v2\/posts\/3327\/revisions"}],"predecessor-version":[{"id":3406,"href":"https:\/\/comeca.uy\/web\/wp-json\/wp\/v2\/posts\/3327\/revisions\/3406"}],"wp:featuredmedia":[{"embeddable":true,"href":"https:\/\/comeca.uy\/web\/wp-json\/wp\/v2\/media\/3405"}],"wp:attachment":[{"href":"https:\/\/comeca.uy\/web\/wp-json\/wp\/v2\/media?parent=3327"}],"wp:term":[{"taxonomy":"category","embeddable":true,"href":"https:\/\/comeca.uy\/web\/wp-json\/wp\/v2\/categories?post=3327"},{"taxonomy":"post_tag","embeddable":true,"href":"https:\/\/comeca.uy\/web\/wp-json\/wp\/v2\/tags?post=3327"}],"curies":[{"name":"wp","href":"https:\/\/api.w.org\/{rel}","templated":true}]}}