{"id":3326,"date":"2025-02-18T15:38:27","date_gmt":"2025-02-18T18:38:27","guid":{"rendered":"https:\/\/comeca.uy\/?p=3282"},"modified":"2025-04-03T11:51:49","modified_gmt":"2025-04-03T11:51:49","slug":"llamado-suplentes-de-licenciado-a-en-enfermeria","status":"publish","type":"post","link":"https:\/\/comeca.uy\/web\/llamado-suplentes-de-licenciado-a-en-enfermeria\/","title":{"rendered":"Llamado: Suplentes de LICENCIADO\/A EN ENFERMER\u00cdA"},"content":{"rendered":"\n<p>Se llama a aspirantes para conformar lista de suplentes de LICENCIADO\/A EN ENFERMER\u00cdA<\/p>\n\n\n\n<p>REQUISITOS EXCLUYENTES<\/p>\n\n\n\n<p>Licenciado en Enfermer\u00eda, t\u00edtulo expedido por la Universidad de la Rep\u00fablica,<br>Facultad de Enfermer\u00eda o Instituci\u00f3n privada habilitada por el MSP.<br>Disponibilidad horaria<br>Residir en zonas de influencia de COMECA Canelones \u2013 Santa Luc\u00eda<\/p>\n\n\n\n<p>SE VALORAR\u00c1<br>Formaci\u00f3n complementaria af\u00edn a las particularidades del cargo.<br>Experiencia laboral en tareas de similar porte.<br>Residir en zona de influencia.<br>Nivel de desarrollo de las siguientes competencias:<br>Organizaci\u00f3n y planificaci\u00f3n<br>Orientaci\u00f3n a resultados<br>Alta adaptabilidad y flexibilidad ante los cambios<br>Modalidad vincular<br>Capacidad para orientar equipos de trabajo.<\/p>\n\n\n\n<p>PRESENTACI\u00d3N DE SOLICITUDES<\/p>\n\n\n\n<p>Los interesados deber\u00e1n presentar su Curr\u00edculum en el Dpto. de RRHH (Batlle y Ordo\u00f1ez 136, 2\u00ba piso) en el horario de 10 a 17 horas o remitirlo por mail a: llamados@comeca.com.uy<\/p>\n\n\n\n<p>Es imprescindible adjuntar la documentaci\u00f3n correspondiente que acredite la formaci\u00f3n y experiencia especificada. Adem\u00e1s, fotocopia de C.I. y constancia de domicilio.<\/p>\n\n\n\n<p>La recepci\u00f3n de solicitudes es hasta el 20 de Marzo de 2025.<\/p>\n\n\n\n<figure class=\"wp-block-image size-large\"><img decoding=\"async\" src=\"https:\/\/comeca.uy\/wp-content\/uploads\/2025\/02\/WhatsApp-Image-2025-02-17-at-18.50.23-1024x1024.jpeg\" alt=\"\" class=\"wp-image-3283\"\/><\/figure>\n","protected":false},"excerpt":{"rendered":"<p>Se llama a aspirantes para conformar lista de suplentes de LICENCIADO\/A EN ENFERMER\u00cdA REQUISITOS EXCLUYENTES Licenciado en Enfermer\u00eda, t\u00edtulo expedido por la Universidad de la Rep\u00fablica,Facultad de Enfermer\u00eda o Instituci\u00f3n privada habilitada por el MSP.Disponibilidad horariaResidir en zonas de influencia de COMECA Canelones \u2013 Santa Luc\u00eda SE VALORAR\u00c1Formaci\u00f3n complementaria af\u00edn a las particularidades del cargo.Experiencia [&hellip;]<\/p>\n","protected":false},"author":1,"featured_media":3394,"comment_status":"closed","ping_status":"closed","sticky":false,"template":"","format":"standard","meta":{"footnotes":""},"categories":[43],"tags":[],"class_list":["post-3326","post","type-post","status-publish","format-standard","has-post-thumbnail","hentry","category-llamados"],"_links":{"self":[{"href":"https:\/\/comeca.uy\/web\/wp-json\/wp\/v2\/posts\/3326","targetHints":{"allow":["GET"]}}],"collection":[{"href":"https:\/\/comeca.uy\/web\/wp-json\/wp\/v2\/posts"}],"about":[{"href":"https:\/\/comeca.uy\/web\/wp-json\/wp\/v2\/types\/post"}],"author":[{"embeddable":true,"href":"https:\/\/comeca.uy\/web\/wp-json\/wp\/v2\/users\/1"}],"replies":[{"embeddable":true,"href":"https:\/\/comeca.uy\/web\/wp-json\/wp\/v2\/comments?post=3326"}],"version-history":[{"count":2,"href":"https:\/\/comeca.uy\/web\/wp-json\/wp\/v2\/posts\/3326\/revisions"}],"predecessor-version":[{"id":3393,"href":"https:\/\/comeca.uy\/web\/wp-json\/wp\/v2\/posts\/3326\/revisions\/3393"}],"wp:featuredmedia":[{"embeddable":true,"href":"https:\/\/comeca.uy\/web\/wp-json\/wp\/v2\/media\/3394"}],"wp:attachment":[{"href":"https:\/\/comeca.uy\/web\/wp-json\/wp\/v2\/media?parent=3326"}],"wp:term":[{"taxonomy":"category","embeddable":true,"href":"https:\/\/comeca.uy\/web\/wp-json\/wp\/v2\/categories?post=3326"},{"taxonomy":"post_tag","embeddable":true,"href":"https:\/\/comeca.uy\/web\/wp-json\/wp\/v2\/tags?post=3326"}],"curies":[{"name":"wp","href":"https:\/\/api.w.org\/{rel}","templated":true}]}}