{"id":3319,"date":"2021-09-14T17:55:54","date_gmt":"2021-09-14T20:55:54","guid":{"rendered":"https:\/\/comeca.uy\/?p=2228"},"modified":"2021-09-14T17:55:54","modified_gmt":"2021-09-14T20:55:54","slug":"reinicio-de-actividades-internos","status":"publish","type":"post","link":"https:\/\/comeca.uy\/web\/reinicio-de-actividades-internos\/","title":{"rendered":"Reinicio de actividades \u201cInternos\u201d"},"content":{"rendered":"\n<p>La Presidente del Consejo Directivo de COMECA; Dra. Gretel Morena, visit\u00f3 este jueves 2 de setiembre el centro Internos que volvi\u00f3 a reunir a su equipo y pacientes luego del cese de las actividades presenciales debido a la emergencia sanitaria por la pandemia COVID-19.<\/p>\n\n\n\n<p>El \u00e1rea que normalmente ocupa Internos(Hospital de D\u00eda)por su ubicaci\u00f3n f\u00edsica, fue acondicionada para el Centro respiratorio para atender all\u00ed a los pacientes sintomaticos, raz\u00f3n por la cual la presidente manifest\u00f3 el agradecimiento institucional al equipo y usuarios por \u201chabernos prestado su casa\u201d para llevar adelante esta lucha contra la pandemia.<\/p>\n\n\n\n<p>La Dra. Morena valor\u00f3 el esfuerzo realizado por los funcionarios del sector para mantener a los pacientes, adultos mayores, en constante comunicaci\u00f3n a pesar de la dif\u00edcil situaci\u00f3n que nos toc\u00f3 atravesar.<\/p>\n\n\n\n<p><strong>\u201cNosotros quer\u00edamos compartir personalmente esta nueva etapa de reinicio de actividades\u201d <\/strong>expres\u00f3 Morena entre celebraciones por el reencuentro y an\u00e9cdotas<\/p>\n\n\n\n<p><\/p>\n\n\n\n<figure class=\"wp-block-image size-large\"><img decoding=\"async\" src=\"https:\/\/comeca.uy\/wp-content\/uploads\/2021\/09\/Visita-Internos-1024x461.jpeg\" alt=\"\" class=\"wp-image-2229\"\/><\/figure>\n","protected":false},"excerpt":{"rendered":"<p>La Presidente del Consejo Directivo de COMECA; Dra. Gretel Morena, visit\u00f3 este jueves 2 de setiembre el centro Internos que volvi\u00f3 a reunir a su equipo y pacientes luego del cese de las actividades presenciales debido a la emergencia sanitaria por la pandemia COVID-19. El \u00e1rea que normalmente ocupa Internos(Hospital de D\u00eda)por su ubicaci\u00f3n f\u00edsica, [&hellip;]<\/p>\n","protected":false},"author":1,"featured_media":2038,"comment_status":"closed","ping_status":"closed","sticky":false,"template":"","format":"standard","meta":{"footnotes":""},"categories":[49],"tags":[],"class_list":["post-3319","post","type-post","status-publish","format-standard","has-post-thumbnail","hentry","category-noticias-2021"],"_links":{"self":[{"href":"https:\/\/comeca.uy\/web\/wp-json\/wp\/v2\/posts\/3319","targetHints":{"allow":["GET"]}}],"collection":[{"href":"https:\/\/comeca.uy\/web\/wp-json\/wp\/v2\/posts"}],"about":[{"href":"https:\/\/comeca.uy\/web\/wp-json\/wp\/v2\/types\/post"}],"author":[{"embeddable":true,"href":"https:\/\/comeca.uy\/web\/wp-json\/wp\/v2\/users\/1"}],"replies":[{"embeddable":true,"href":"https:\/\/comeca.uy\/web\/wp-json\/wp\/v2\/comments?post=3319"}],"version-history":[{"count":0,"href":"https:\/\/comeca.uy\/web\/wp-json\/wp\/v2\/posts\/3319\/revisions"}],"wp:featuredmedia":[{"embeddable":true,"href":"https:\/\/comeca.uy\/web\/wp-json\/"}],"wp:attachment":[{"href":"https:\/\/comeca.uy\/web\/wp-json\/wp\/v2\/media?parent=3319"}],"wp:term":[{"taxonomy":"category","embeddable":true,"href":"https:\/\/comeca.uy\/web\/wp-json\/wp\/v2\/categories?post=3319"},{"taxonomy":"post_tag","embeddable":true,"href":"https:\/\/comeca.uy\/web\/wp-json\/wp\/v2\/tags?post=3319"}],"curies":[{"name":"wp","href":"https:\/\/api.w.org\/{rel}","templated":true}]}}