{"id":3317,"date":"2021-09-13T14:18:00","date_gmt":"2021-09-13T17:18:00","guid":{"rendered":"https:\/\/comeca.uy\/?p=2213"},"modified":"2021-09-13T14:18:00","modified_gmt":"2021-09-13T17:18:00","slug":"13-de-setiembre-dia-del-instrumentista","status":"publish","type":"post","link":"https:\/\/comeca.uy\/web\/13-de-setiembre-dia-del-instrumentista\/","title":{"rendered":"13 de Setiembre, D\u00eda del Instrumentista"},"content":{"rendered":"\n<p>Feliz d\u00eda, a los Instrumentistas Quir\u00fargicos de COMECA en su d\u00eda.<br>13 de Setiembre, D\u00eda del Instrumentista<\/p>\n\n\n\n<figure class=\"wp-block-image size-large\"><img decoding=\"async\" src=\"https:\/\/comeca.uy\/wp-content\/uploads\/2021\/09\/Dia-Instrumentista-1024x1024.jpeg\" alt=\"\" class=\"wp-image-2214\"\/><\/figure>\n","protected":false},"excerpt":{"rendered":"<p>Feliz d\u00eda, a los Instrumentistas Quir\u00fargicos de COMECA en su d\u00eda.13 de Setiembre, D\u00eda del Instrumentista<\/p>\n","protected":false},"author":1,"featured_media":2214,"comment_status":"closed","ping_status":"closed","sticky":false,"template":"","format":"standard","meta":{"footnotes":""},"categories":[49],"tags":[],"class_list":["post-3317","post","type-post","status-publish","format-standard","has-post-thumbnail","hentry","category-noticias-2021"],"_links":{"self":[{"href":"https:\/\/comeca.uy\/web\/wp-json\/wp\/v2\/posts\/3317","targetHints":{"allow":["GET"]}}],"collection":[{"href":"https:\/\/comeca.uy\/web\/wp-json\/wp\/v2\/posts"}],"about":[{"href":"https:\/\/comeca.uy\/web\/wp-json\/wp\/v2\/types\/post"}],"author":[{"embeddable":true,"href":"https:\/\/comeca.uy\/web\/wp-json\/wp\/v2\/users\/1"}],"replies":[{"embeddable":true,"href":"https:\/\/comeca.uy\/web\/wp-json\/wp\/v2\/comments?post=3317"}],"version-history":[{"count":0,"href":"https:\/\/comeca.uy\/web\/wp-json\/wp\/v2\/posts\/3317\/revisions"}],"wp:featuredmedia":[{"embeddable":true,"href":"https:\/\/comeca.uy\/web\/wp-json\/wp\/v2\/menu-items\/2214"}],"wp:attachment":[{"href":"https:\/\/comeca.uy\/web\/wp-json\/wp\/v2\/media?parent=3317"}],"wp:term":[{"taxonomy":"category","embeddable":true,"href":"https:\/\/comeca.uy\/web\/wp-json\/wp\/v2\/categories?post=3317"},{"taxonomy":"post_tag","embeddable":true,"href":"https:\/\/comeca.uy\/web\/wp-json\/wp\/v2\/tags?post=3317"}],"curies":[{"name":"wp","href":"https:\/\/api.w.org\/{rel}","templated":true}]}}