{"id":3303,"date":"2021-06-29T19:19:41","date_gmt":"2021-06-29T22:19:41","guid":{"rendered":"https:\/\/comeca.uy\/?p=2073"},"modified":"2021-06-29T19:19:41","modified_gmt":"2021-06-29T22:19:41","slug":"policlinica-de-seguimiento-covid-19","status":"publish","type":"post","link":"https:\/\/comeca.uy\/web\/policlinica-de-seguimiento-covid-19\/","title":{"rendered":"POLICLINICA DE SEGUIMIENTO COVID-19"},"content":{"rendered":"\n<figure class=\"wp-block-video\"><video autoplay controls src=\"https:\/\/comeca.uy\/videos\/21-06-24%20BURGEZ%20POLI%20POST%20COVID.mp4\"><\/video><\/figure>\n\n\n\n<p>En COMECA creamos una policl\u00ednica de seguimiento a pacientes que superaron el COVID-19. Los estudios internacionales indican que la mitad de las personas que han sido afectadas por el COVID tienen s\u00edntomas persistentes hasta tres meses posteriores a la infecci\u00f3n aguda.<\/p>\n\n\n\n<p>El acceso a la policl\u00ednica COVID ser\u00e1 indicado por el m\u00e9dico tratante.<\/p>\n\n\n\n<p>Esta policl\u00ednica est\u00e1 integrada por un equipo multidisciplinario: internistas, neum\u00f3logos, cardi\u00f3logos, neur\u00f3logos, fisiatras, nefrologos quienes indicaran las consultas con especialistas y estudios diagn\u00f3sticos que consideren necesarios, logrando de esta manera un adecuado control de la salud de nuestros usuarios.<\/p>\n","protected":false},"excerpt":{"rendered":"<p>En COMECA creamos una policl\u00ednica de seguimiento a pacientes que superaron el COVID-19. Los estudios internacionales indican que la mitad de las personas que han sido afectadas por el COVID tienen s\u00edntomas persistentes hasta tres meses posteriores a la infecci\u00f3n aguda. El acceso a la policl\u00ednica COVID ser\u00e1 indicado por el m\u00e9dico tratante. Esta policl\u00ednica [&hellip;]<\/p>\n","protected":false},"author":1,"featured_media":2074,"comment_status":"closed","ping_status":"closed","sticky":false,"template":"","format":"standard","meta":{"footnotes":""},"categories":[49],"tags":[99,108,125],"class_list":["post-3303","post","type-post","status-publish","format-standard","has-post-thumbnail","hentry","category-noticias-2021","tag-coronavirus-2","tag-medicina-2","tag-salud"],"_links":{"self":[{"href":"https:\/\/comeca.uy\/web\/wp-json\/wp\/v2\/posts\/3303","targetHints":{"allow":["GET"]}}],"collection":[{"href":"https:\/\/comeca.uy\/web\/wp-json\/wp\/v2\/posts"}],"about":[{"href":"https:\/\/comeca.uy\/web\/wp-json\/wp\/v2\/types\/post"}],"author":[{"embeddable":true,"href":"https:\/\/comeca.uy\/web\/wp-json\/wp\/v2\/users\/1"}],"replies":[{"embeddable":true,"href":"https:\/\/comeca.uy\/web\/wp-json\/wp\/v2\/comments?post=3303"}],"version-history":[{"count":0,"href":"https:\/\/comeca.uy\/web\/wp-json\/wp\/v2\/posts\/3303\/revisions"}],"wp:featuredmedia":[{"embeddable":true,"href":"https:\/\/comeca.uy\/web\/wp-json\/wp\/v2\/menu-items\/2074"}],"wp:attachment":[{"href":"https:\/\/comeca.uy\/web\/wp-json\/wp\/v2\/media?parent=3303"}],"wp:term":[{"taxonomy":"category","embeddable":true,"href":"https:\/\/comeca.uy\/web\/wp-json\/wp\/v2\/categories?post=3303"},{"taxonomy":"post_tag","embeddable":true,"href":"https:\/\/comeca.uy\/web\/wp-json\/wp\/v2\/tags?post=3303"}],"curies":[{"name":"wp","href":"https:\/\/api.w.org\/{rel}","templated":true}]}}