{"id":3260,"date":"2024-12-03T15:36:52","date_gmt":"2024-12-03T18:36:52","guid":{"rendered":"https:\/\/comeca.uy\/?p=3260"},"modified":"2025-04-03T11:51:49","modified_gmt":"2025-04-03T11:51:49","slug":"llamado-lic-nutricion-suplente","status":"publish","type":"post","link":"https:\/\/comeca.uy\/web\/llamado-lic-nutricion-suplente\/","title":{"rendered":"LLAMADO LIC. NUTRICI\u00d3N SUPLENTE"},"content":{"rendered":"\n<p>Se llama a aspirantes para conformar lista de suplentes para el desempe\u00f1o de las tareas inherentes a la especificidad del Cargo.<\/p>\n\n\n\n<p>REQUISITOS EXCLUYENTES<br>Licenciado en Nutrici\u00f3n, t\u00edtulo expedido por la Escuela de Nutrici\u00f3n y Diet\u00e9tica de la Facultad de Medicina o Instituci\u00f3n privada habilitada por el MSP.<\/p>\n\n\n\n<p>Amplia disponibilidad horaria<\/p>\n\n\n\n<p>Residir en zonas de influencia de COMECA (Canelones \u2013 Santa Luc\u00eda)<\/p>\n\n\n\n<p>SE VALORAR\u00c1<br>Formaci\u00f3n complementaria af\u00edn a las particularidades del cargo.<\/p>\n\n\n\n<p>Experiencia laboral en tareas de similar porte.<\/p>\n\n\n\n<p>Nivel de desarrollo de las siguientes competencias: capacidad para el establecimiento de relaciones interpersonales, autonom\u00eda operativa, criterio y gesti\u00f3n del tiempo, adaptabilidad y flexibilidad ante los cambios, capacidad de Trabajo en Equipo.<\/p>\n\n\n\n<p>PRESENTACI\u00d3N DE SOLICITUDES<br>Los interesados deber\u00e1n presentar su Curr\u00edculum en el Dpto. de RRHH (Batlle y Ordo\u00f1ez 136, 2\u00ba piso) en el horario de 10 a 17 horas o remitirlo por mail a: llamados@comeca.com.uy<\/p>\n\n\n\n<p>Es imprescindible adjuntar la documentaci\u00f3n correspondiente que acredite la formaci\u00f3n y experiencia especificada. Adem\u00e1s de fotocopia de C.I. y constancia de domicilio.<\/p>\n\n\n\n<p>La recepci\u00f3n de solicitudes es hasta el 31 de DICIEMBRE de 2024.<\/p>\n\n\n\n<figure class=\"wp-block-image size-large\"><img decoding=\"async\" src=\"https:\/\/comeca.uy\/wp-content\/uploads\/2024\/12\/Llamado-Lic.Nutricion-1024x1024.jpeg\" alt=\"\" class=\"wp-image-3261\"\/><\/figure>\n","protected":false},"excerpt":{"rendered":"<p>Se llama a aspirantes para conformar lista de suplentes para el desempe\u00f1o de las tareas inherentes a la especificidad del Cargo. REQUISITOS EXCLUYENTESLicenciado en Nutrici\u00f3n, t\u00edtulo expedido por la Escuela de Nutrici\u00f3n y Diet\u00e9tica de la Facultad de Medicina o Instituci\u00f3n privada habilitada por el MSP. Amplia disponibilidad horaria Residir en zonas de influencia de [&hellip;]<\/p>\n","protected":false},"author":1,"featured_media":3407,"comment_status":"closed","ping_status":"closed","sticky":false,"template":"","format":"standard","meta":{"footnotes":""},"categories":[43],"tags":[],"class_list":["post-3260","post","type-post","status-publish","format-standard","has-post-thumbnail","hentry","category-llamados"],"_links":{"self":[{"href":"https:\/\/comeca.uy\/web\/wp-json\/wp\/v2\/posts\/3260","targetHints":{"allow":["GET"]}}],"collection":[{"href":"https:\/\/comeca.uy\/web\/wp-json\/wp\/v2\/posts"}],"about":[{"href":"https:\/\/comeca.uy\/web\/wp-json\/wp\/v2\/types\/post"}],"author":[{"embeddable":true,"href":"https:\/\/comeca.uy\/web\/wp-json\/wp\/v2\/users\/1"}],"replies":[{"embeddable":true,"href":"https:\/\/comeca.uy\/web\/wp-json\/wp\/v2\/comments?post=3260"}],"version-history":[{"count":1,"href":"https:\/\/comeca.uy\/web\/wp-json\/wp\/v2\/posts\/3260\/revisions"}],"predecessor-version":[{"id":3408,"href":"https:\/\/comeca.uy\/web\/wp-json\/wp\/v2\/posts\/3260\/revisions\/3408"}],"wp:featuredmedia":[{"embeddable":true,"href":"https:\/\/comeca.uy\/web\/wp-json\/wp\/v2\/media\/3407"}],"wp:attachment":[{"href":"https:\/\/comeca.uy\/web\/wp-json\/wp\/v2\/media?parent=3260"}],"wp:term":[{"taxonomy":"category","embeddable":true,"href":"https:\/\/comeca.uy\/web\/wp-json\/wp\/v2\/categories?post=3260"},{"taxonomy":"post_tag","embeddable":true,"href":"https:\/\/comeca.uy\/web\/wp-json\/wp\/v2\/tags?post=3260"}],"curies":[{"name":"wp","href":"https:\/\/api.w.org\/{rel}","templated":true}]}}