{"id":3249,"date":"2024-11-11T12:24:49","date_gmt":"2024-11-11T15:24:49","guid":{"rendered":"https:\/\/comeca.uy\/?p=3249"},"modified":"2025-04-03T11:51:49","modified_gmt":"2025-04-03T11:51:49","slug":"llamado-a-medico-suplente-ucepsur","status":"publish","type":"post","link":"https:\/\/comeca.uy\/web\/llamado-a-medico-suplente-ucepsur\/","title":{"rendered":"LLAMADO A M\u00c9DICO SUPLENTE UCEPSUR"},"content":{"rendered":"\n<figure class=\"wp-block-image size-large\"><img decoding=\"async\" src=\"https:\/\/comeca.uy\/wp-content\/uploads\/2024\/11\/WhatsApp-Image-2024-11-08-at-15.58.24-1024x1024.jpeg\" alt=\"\" class=\"wp-image-3250\"\/><\/figure>\n\n\n\n<p>Apertura de llamado a aspirantes para integrar equipo asistencial de<br>guardias en calidad de suplente para UCEPSUR<\/p>\n\n\n\n<p>REQUISITOS EXCLUYENTES<br>T\u00edtulo de Especialista en Pediatra, expedido por la Facultad de Medicina de la UDELAR o Instituciones Privadas habilitadas por el Ministerio de Educaci\u00f3n y Cultura. T\u00edtulo registrado y habilitado por el M.S.P.<br>T\u00edtulo de Especialista en Pediatr\u00eda Intensiva o constancia de habilitaci\u00f3n acad\u00e9mica para la realizaci\u00f3n de guardias otorgada por la respectiva C\u00e1tedra.<\/p>\n\n\n\n<p>SE VALORAR\u00c1<br>Formaci\u00f3n complementaria af\u00edn a las particularidades del cargo<br>Experiencia laboral en tareas de similar porte, debidamente acreditadas a trav\u00e9s de la presentaci\u00f3n de constancias Institucionales y\/o de Jefes de<br>Servicios que certifiquen el desempe\u00f1o de funciones en dichas disciplinas.<\/p>\n\n\n\n<p>V\u00cdNCULO LABORAL: Ejercicio libre de la profesi\u00f3n.<\/p>\n\n\n\n<p>PRESENTACI\u00d3N DE SOLICITUDES<br>Los interesados deber\u00e1n presentar su Curr\u00edculum en el Dpto. de RRHH (Batlle y Ordo\u00f1ez 136, 2\u00ba piso) en el horario de 10 a 17 horas o remitirlo por mail a: llamados@comeca.com.uy<\/p>\n\n\n\n<p>Es imprescindible adjuntar la documentaci\u00f3n correspondiente que acredite la formaci\u00f3n y experiencia. Adem\u00e1s de fotocopia de C.I. y Carnet de Salud.<\/p>\n\n\n\n<p>La recepci\u00f3n de solicitudes es hasta el 30 de Noviembre de 2024.<\/p>\n","protected":false},"excerpt":{"rendered":"<p>Apertura de llamado a aspirantes para integrar equipo asistencial deguardias en calidad de suplente para UCEPSUR REQUISITOS EXCLUYENTEST\u00edtulo de Especialista en Pediatra, expedido por la Facultad de Medicina de la UDELAR o Instituciones Privadas habilitadas por el Ministerio de Educaci\u00f3n y Cultura. T\u00edtulo registrado y habilitado por el M.S.P.T\u00edtulo de Especialista en Pediatr\u00eda Intensiva o [&hellip;]<\/p>\n","protected":false},"author":1,"featured_media":3409,"comment_status":"closed","ping_status":"closed","sticky":false,"template":"","format":"standard","meta":{"footnotes":""},"categories":[43],"tags":[],"class_list":["post-3249","post","type-post","status-publish","format-standard","has-post-thumbnail","hentry","category-llamados"],"_links":{"self":[{"href":"https:\/\/comeca.uy\/web\/wp-json\/wp\/v2\/posts\/3249","targetHints":{"allow":["GET"]}}],"collection":[{"href":"https:\/\/comeca.uy\/web\/wp-json\/wp\/v2\/posts"}],"about":[{"href":"https:\/\/comeca.uy\/web\/wp-json\/wp\/v2\/types\/post"}],"author":[{"embeddable":true,"href":"https:\/\/comeca.uy\/web\/wp-json\/wp\/v2\/users\/1"}],"replies":[{"embeddable":true,"href":"https:\/\/comeca.uy\/web\/wp-json\/wp\/v2\/comments?post=3249"}],"version-history":[{"count":1,"href":"https:\/\/comeca.uy\/web\/wp-json\/wp\/v2\/posts\/3249\/revisions"}],"predecessor-version":[{"id":3410,"href":"https:\/\/comeca.uy\/web\/wp-json\/wp\/v2\/posts\/3249\/revisions\/3410"}],"wp:featuredmedia":[{"embeddable":true,"href":"https:\/\/comeca.uy\/web\/wp-json\/wp\/v2\/media\/3409"}],"wp:attachment":[{"href":"https:\/\/comeca.uy\/web\/wp-json\/wp\/v2\/media?parent=3249"}],"wp:term":[{"taxonomy":"category","embeddable":true,"href":"https:\/\/comeca.uy\/web\/wp-json\/wp\/v2\/categories?post=3249"},{"taxonomy":"post_tag","embeddable":true,"href":"https:\/\/comeca.uy\/web\/wp-json\/wp\/v2\/tags?post=3249"}],"curies":[{"name":"wp","href":"https:\/\/api.w.org\/{rel}","templated":true}]}}