{"id":3242,"date":"2024-10-15T19:52:09","date_gmt":"2024-10-15T22:52:09","guid":{"rendered":"https:\/\/comeca.uy\/?p=3242"},"modified":"2025-04-03T11:51:49","modified_gmt":"2025-04-03T11:51:49","slug":"16-de-octubre-dia-mundial-de-la-alimentacion-3","status":"publish","type":"post","link":"https:\/\/comeca.uy\/web\/16-de-octubre-dia-mundial-de-la-alimentacion-3\/","title":{"rendered":"16 de octubre &#8211; D\u00eda Mundial de la Alimentaci\u00f3n"},"content":{"rendered":"\n<p>DIA MUNDIAL DE LA ALIMENTACION 2024:\u201dDERECHO A LA ALIMENTACION PARA UNA VIDA Y UN FUTURO MEJORES\u201d<br>Desde el Departamento de Alimentaci\u00f3n de Comeca, nos unimos al lema de este a\u00f1o y te invitamos a reflexionar sobre c\u00f3mo cada uno de nosotros puede contribuir a este importante objetivo propuesto por la FAO.<\/p>\n\n\n\n<p>Elige alimentos locales y de temporada: incorporar verduras y frutas frescas a tu dieta diaria no s\u00f3lo es saludable sino que tambi\u00e9n apoya a nuestros agricultores y reduce el impacto ambiental.<br>Las legumbres, nueces y granos integrales son excelentes fuentes de prote\u00ednas vegetales y requieren menos recursos para su producci\u00f3n.<br>Reduce el desperdicio de alimentos: comparte con amigos y familiares la importancia de adoptar h\u00e1bitos alimentarios nutritivos. Al priorizar opciones saludables, no solo mejoras tu bienestar, sino que tambi\u00e9n contribuyes a la salud p\u00fablica.<br>Act\u00faa con respeto hacia la naturaleza: planifica tus comidas, utiliza recetas creativas para minimizar el desperdicio y considera el compostaje de materia org\u00e1nica. Cada peque\u00f1o paso cuenta para cuidar de nuestro planeta y de quienes lo cultivan.<br>\u00a1Juntos podemos hacer la diferencia!<\/p>\n\n\n\n<figure class=\"wp-block-image size-full\"><img decoding=\"async\" src=\"https:\/\/comeca.uy\/wp-content\/uploads\/2024\/10\/Dia_Alimentacion.jpeg\" alt=\"\" class=\"wp-image-3243\"\/><\/figure>\n","protected":false},"excerpt":{"rendered":"<p>DIA MUNDIAL DE LA ALIMENTACION 2024:\u201dDERECHO A LA ALIMENTACION PARA UNA VIDA Y UN FUTURO MEJORES\u201dDesde el Departamento de Alimentaci\u00f3n de Comeca, nos unimos al lema de este a\u00f1o y te invitamos a reflexionar sobre c\u00f3mo cada uno de nosotros puede contribuir a este importante objetivo propuesto por la FAO. Elige alimentos locales y de [&hellip;]<\/p>\n","protected":false},"author":1,"featured_media":3243,"comment_status":"closed","ping_status":"closed","sticky":false,"template":"","format":"standard","meta":{"footnotes":""},"categories":[52],"tags":[],"class_list":["post-3242","post","type-post","status-publish","format-standard","has-post-thumbnail","hentry","category-noticias-2024"],"_links":{"self":[{"href":"https:\/\/comeca.uy\/web\/wp-json\/wp\/v2\/posts\/3242","targetHints":{"allow":["GET"]}}],"collection":[{"href":"https:\/\/comeca.uy\/web\/wp-json\/wp\/v2\/posts"}],"about":[{"href":"https:\/\/comeca.uy\/web\/wp-json\/wp\/v2\/types\/post"}],"author":[{"embeddable":true,"href":"https:\/\/comeca.uy\/web\/wp-json\/wp\/v2\/users\/1"}],"replies":[{"embeddable":true,"href":"https:\/\/comeca.uy\/web\/wp-json\/wp\/v2\/comments?post=3242"}],"version-history":[{"count":1,"href":"https:\/\/comeca.uy\/web\/wp-json\/wp\/v2\/posts\/3242\/revisions"}],"predecessor-version":[{"id":3417,"href":"https:\/\/comeca.uy\/web\/wp-json\/wp\/v2\/posts\/3242\/revisions\/3417"}],"wp:featuredmedia":[{"embeddable":true,"href":"https:\/\/comeca.uy\/web\/wp-json\/"}],"wp:attachment":[{"href":"https:\/\/comeca.uy\/web\/wp-json\/wp\/v2\/media?parent=3242"}],"wp:term":[{"taxonomy":"category","embeddable":true,"href":"https:\/\/comeca.uy\/web\/wp-json\/wp\/v2\/categories?post=3242"},{"taxonomy":"post_tag","embeddable":true,"href":"https:\/\/comeca.uy\/web\/wp-json\/wp\/v2\/tags?post=3242"}],"curies":[{"name":"wp","href":"https:\/\/api.w.org\/{rel}","templated":true}]}}