{"id":3239,"date":"2024-10-14T20:02:06","date_gmt":"2024-10-14T23:02:06","guid":{"rendered":"https:\/\/comeca.uy\/?p=3239"},"modified":"2025-04-03T11:51:50","modified_gmt":"2025-04-03T11:51:50","slug":"apertura-de-llamado-recursos-materiales","status":"publish","type":"post","link":"https:\/\/comeca.uy\/web\/apertura-de-llamado-recursos-materiales\/","title":{"rendered":"APERTURA DE LLAMADO RECURSOS MATERIALES"},"content":{"rendered":"\n<p>Se llama a aspirantes interesados en integrar lista de Suplentes para desempe\u00f1ar tareas en el Departamento de Recursos Materiales (Canelones y Santa Luc\u00eda)<\/p>\n\n\n\n<p>REQUISITOS EXCLUYENTES<br>Edad entre 18 y 45 a\u00f1os<br>Haber aprobado Ciclo B\u00e1sico de secundaria o similar de UTU (3o a\u00f1o inclusive)<br>Certificado de Id\u00f3neo en Farmacia (expedido por Qu\u00edmico Farmac\u00e9utico y avalado por el MSP), o Curso aprobado de Auxiliar de Farmacia dictado por Instituci\u00f3n habilitada por el MSP o Estudiante de Facultad de Qu\u00edmica.<br>Residir en la ciudad de Canelones, Santa Luc\u00eda o zonas aleda\u00f1as.<br>Amplia disponibilidad horaria<\/p>\n\n\n\n<p>SE VALORAR\u00c1<br>Formaci\u00f3n Complementaria af\u00edn a las particularidades del cargo<br>Experiencia laboral en la actividad<br>Aptitud f\u00edsica para el desempe\u00f1o de las funciones del Sector.<br>Nivel de desarrollo de las siguientes competencias: -Compromiso y responsabilidad. -Capacidad para el establecimiento de relaciones interpersonales. &#8211; Autonom\u00eda operativa. &#8211; Adaptabilidad y flexibilidad ante los cambios. &#8211; Capacidad y apertura al aprendizaje<\/p>\n\n\n\n<p>PRESENTACI\u00d3N DE SOLICITUDES<br>Los interesados deber\u00e1n enviar su Curr\u00edculum exclusivamente por mail a: seleccion@comeca.com.uy<br>Es imprescindible adjuntar la documentaci\u00f3n correspondiente que acredite la formaci\u00f3n y experiencia especificada. As\u00ed c\u00f3mo fotocopia de C.I. y constancia de domicilio.<br>La recepci\u00f3n de solicitudes es hasta el 8 de noviembre de 2024<\/p>\n\n\n\n<figure class=\"wp-block-image size-full\"><img decoding=\"async\" src=\"https:\/\/comeca.uy\/wp-content\/uploads\/2024\/10\/Llamado_Recursos_Materiales.jpeg\" alt=\"\" class=\"wp-image-3240\"\/><\/figure>\n","protected":false},"excerpt":{"rendered":"<p>Se llama a aspirantes interesados en integrar lista de Suplentes para desempe\u00f1ar tareas en el Departamento de Recursos Materiales (Canelones y Santa Luc\u00eda) REQUISITOS EXCLUYENTESEdad entre 18 y 45 a\u00f1osHaber aprobado Ciclo B\u00e1sico de secundaria o similar de UTU (3o a\u00f1o inclusive)Certificado de Id\u00f3neo en Farmacia (expedido por Qu\u00edmico Farmac\u00e9utico y avalado por el MSP), [&hellip;]<\/p>\n","protected":false},"author":1,"featured_media":3411,"comment_status":"closed","ping_status":"closed","sticky":false,"template":"","format":"standard","meta":{"footnotes":""},"categories":[43],"tags":[],"class_list":["post-3239","post","type-post","status-publish","format-standard","has-post-thumbnail","hentry","category-llamados"],"_links":{"self":[{"href":"https:\/\/comeca.uy\/web\/wp-json\/wp\/v2\/posts\/3239","targetHints":{"allow":["GET"]}}],"collection":[{"href":"https:\/\/comeca.uy\/web\/wp-json\/wp\/v2\/posts"}],"about":[{"href":"https:\/\/comeca.uy\/web\/wp-json\/wp\/v2\/types\/post"}],"author":[{"embeddable":true,"href":"https:\/\/comeca.uy\/web\/wp-json\/wp\/v2\/users\/1"}],"replies":[{"embeddable":true,"href":"https:\/\/comeca.uy\/web\/wp-json\/wp\/v2\/comments?post=3239"}],"version-history":[{"count":1,"href":"https:\/\/comeca.uy\/web\/wp-json\/wp\/v2\/posts\/3239\/revisions"}],"predecessor-version":[{"id":3412,"href":"https:\/\/comeca.uy\/web\/wp-json\/wp\/v2\/posts\/3239\/revisions\/3412"}],"wp:featuredmedia":[{"embeddable":true,"href":"https:\/\/comeca.uy\/web\/wp-json\/wp\/v2\/media\/3411"}],"wp:attachment":[{"href":"https:\/\/comeca.uy\/web\/wp-json\/wp\/v2\/media?parent=3239"}],"wp:term":[{"taxonomy":"category","embeddable":true,"href":"https:\/\/comeca.uy\/web\/wp-json\/wp\/v2\/categories?post=3239"},{"taxonomy":"post_tag","embeddable":true,"href":"https:\/\/comeca.uy\/web\/wp-json\/wp\/v2\/tags?post=3239"}],"curies":[{"name":"wp","href":"https:\/\/api.w.org\/{rel}","templated":true}]}}