{"id":3216,"date":"2024-08-19T15:31:44","date_gmt":"2024-08-19T18:31:44","guid":{"rendered":"https:\/\/comeca.uy\/?p=3216"},"modified":"2025-04-03T11:51:50","modified_gmt":"2025-04-03T11:51:50","slug":"llamado-suplentes-equipo-multidisciplinario-geriatria-salud-mental","status":"publish","type":"post","link":"https:\/\/comeca.uy\/web\/llamado-suplentes-equipo-multidisciplinario-geriatria-salud-mental\/","title":{"rendered":"Llamado Suplentes Equipo Multidisciplinario Geriatr\u00eda \u2013 Salud Mental"},"content":{"rendered":"\n<figure class=\"wp-block-image size-large\"><img decoding=\"async\" src=\"https:\/\/comeca.uy\/wp-content\/uploads\/2024\/08\/WhatsApp-Image-2024-08-19-at-14.25.15-1024x1024.jpeg\" alt=\"\" class=\"wp-image-3217\"\/><\/figure>\n\n\n\n<p>Convocatoria a interesados en conformar lista de suplentes para integrar EQUIPO MULTIDUSCIPLINARIO de COMECA en Geriatr\u00eda \u2013 Salud Mental<\/p>\n\n\n\n<p><strong>Requisitos:<\/strong><br><br>Edad hasta 45 a\u00f1os<br>T\u00edtulo de maestro o formaci\u00f3n espec\u00edfica en animaci\u00f3n, recreaci\u00f3n y\/o rehabilitaci\u00f3n psico-social.<br>Residir en la zona de influencia de COMECA (Canelones \u2013 Santa Luc\u00eda)<br>Disponibilidad horaria<\/p>\n\n\n\n<p>Deber\u00e1n presentar su curr\u00edculum vitae junto con la documentaci\u00f3n que acredite formaci\u00f3n y experiencia, fotocopia de C.I y constancia de domicilio en el Dpto. de RRHH (Batlle y Ord\u00f3\u00f1ez N.\u00ba 136, 2\u00b0 piso) de lunes a viernes en el horario de 10:00 a 17:00 horas o remitirlo por mail a: seleccion@comeca.com.uy<\/p>\n","protected":false},"excerpt":{"rendered":"<p>Convocatoria a interesados en conformar lista de suplentes para integrar EQUIPO MULTIDUSCIPLINARIO de COMECA en Geriatr\u00eda \u2013 Salud Mental Requisitos: Edad hasta 45 a\u00f1osT\u00edtulo de maestro o formaci\u00f3n espec\u00edfica en animaci\u00f3n, recreaci\u00f3n y\/o rehabilitaci\u00f3n psico-social.Residir en la zona de influencia de COMECA (Canelones \u2013 Santa Luc\u00eda)Disponibilidad horaria Deber\u00e1n presentar su curr\u00edculum vitae junto con la [&hellip;]<\/p>\n","protected":false},"author":1,"featured_media":3218,"comment_status":"closed","ping_status":"closed","sticky":false,"template":"","format":"standard","meta":{"footnotes":""},"categories":[43],"tags":[],"class_list":["post-3216","post","type-post","status-publish","format-standard","has-post-thumbnail","hentry","category-llamados"],"_links":{"self":[{"href":"https:\/\/comeca.uy\/web\/wp-json\/wp\/v2\/posts\/3216","targetHints":{"allow":["GET"]}}],"collection":[{"href":"https:\/\/comeca.uy\/web\/wp-json\/wp\/v2\/posts"}],"about":[{"href":"https:\/\/comeca.uy\/web\/wp-json\/wp\/v2\/types\/post"}],"author":[{"embeddable":true,"href":"https:\/\/comeca.uy\/web\/wp-json\/wp\/v2\/users\/1"}],"replies":[{"embeddable":true,"href":"https:\/\/comeca.uy\/web\/wp-json\/wp\/v2\/comments?post=3216"}],"version-history":[{"count":1,"href":"https:\/\/comeca.uy\/web\/wp-json\/wp\/v2\/posts\/3216\/revisions"}],"predecessor-version":[{"id":3423,"href":"https:\/\/comeca.uy\/web\/wp-json\/wp\/v2\/posts\/3216\/revisions\/3423"}],"wp:featuredmedia":[{"embeddable":true,"href":"https:\/\/comeca.uy\/web\/wp-json\/"}],"wp:attachment":[{"href":"https:\/\/comeca.uy\/web\/wp-json\/wp\/v2\/media?parent=3216"}],"wp:term":[{"taxonomy":"category","embeddable":true,"href":"https:\/\/comeca.uy\/web\/wp-json\/wp\/v2\/categories?post=3216"},{"taxonomy":"post_tag","embeddable":true,"href":"https:\/\/comeca.uy\/web\/wp-json\/wp\/v2\/tags?post=3216"}],"curies":[{"name":"wp","href":"https:\/\/api.w.org\/{rel}","templated":true}]}}