{"id":2998,"date":"2024-01-26T15:56:58","date_gmt":"2024-01-26T18:56:58","guid":{"rendered":"https:\/\/comeca.uy\/?p=2998"},"modified":"2024-01-26T15:56:58","modified_gmt":"2024-01-26T18:56:58","slug":"vacunacion-covid-2024","status":"publish","type":"post","link":"https:\/\/comeca.uy\/web\/vacunacion-covid-2024\/","title":{"rendered":"VACUNACI\u00d3N COVID 2024"},"content":{"rendered":"\n<p>El Ministerio de Salud P\u00fablica recomienda la aplicaci\u00f3n de una dosis anual de refuerzo de la vacuna contra el COVID-19 a las personas que se incluyen del grupo de riesgo con mayor susceptibilidad a cursar cuadros graves de la enfermedad.<br>Mayores de 70 a\u00f1os<br>Mayores de 50 a\u00f1os con comorbilidades<br>Personas que presentan inmunosupresi\u00f3n moderada-severa<br>Mujeres embarazadas<br>Personas con S\u00edndrome de Down<br>Personal de salud, seg\u00fan edad o grupo de riesgo al que pertenezca.<\/p>\n\n\n\n<p>A partir del 29 de enero GRUPO ELEPEM<br>A partir del 1 de febrero &#8211; Mayores de 80 a\u00f1os &#8211; Inmunocompromiso &#8211; Embarazadas<br>A partir del 8 de febrero &#8211; Mayores de 70 a\u00f1os &#8211; S\u00edndrome de Down<br>A partir del 14 de febrero &#8211; Mayores de 50 a\u00f1os con comorbilidades<\/p>\n\n\n\n<p>Agendate en VACUNACIONES DE COMECA a partir del Lunes 29 de Enero de 2024<\/p>\n\n\n\n<figure class=\"wp-block-image size-large\"><img decoding=\"async\" src=\"https:\/\/comeca.uy\/wp-content\/uploads\/2024\/01\/Vacunacion-covid-2024-1024x1024.jpeg\" alt=\"\" class=\"wp-image-2999\"\/><\/figure>\n","protected":false},"excerpt":{"rendered":"<p>El Ministerio de Salud P\u00fablica recomienda la aplicaci\u00f3n de una dosis anual de refuerzo de la vacuna contra el COVID-19 a las personas que se incluyen del grupo de riesgo con mayor susceptibilidad a cursar cuadros graves de la enfermedad.Mayores de 70 a\u00f1osMayores de 50 a\u00f1os con comorbilidadesPersonas que presentan inmunosupresi\u00f3n moderada-severaMujeres embarazadasPersonas con S\u00edndrome [&hellip;]<\/p>\n","protected":false},"author":1,"featured_media":2999,"comment_status":"closed","ping_status":"closed","sticky":false,"template":"","format":"standard","meta":{"footnotes":""},"categories":[51],"tags":[66,74,86],"class_list":["post-2998","post","type-post","status-publish","format-standard","has-post-thumbnail","hentry","category-noticias-2023","tag-covid19","tag-medicina","tag-salud-2"],"_links":{"self":[{"href":"https:\/\/comeca.uy\/web\/wp-json\/wp\/v2\/posts\/2998","targetHints":{"allow":["GET"]}}],"collection":[{"href":"https:\/\/comeca.uy\/web\/wp-json\/wp\/v2\/posts"}],"about":[{"href":"https:\/\/comeca.uy\/web\/wp-json\/wp\/v2\/types\/post"}],"author":[{"embeddable":true,"href":"https:\/\/comeca.uy\/web\/wp-json\/wp\/v2\/users\/1"}],"replies":[{"embeddable":true,"href":"https:\/\/comeca.uy\/web\/wp-json\/wp\/v2\/comments?post=2998"}],"version-history":[{"count":0,"href":"https:\/\/comeca.uy\/web\/wp-json\/wp\/v2\/posts\/2998\/revisions"}],"wp:featuredmedia":[{"embeddable":true,"href":"https:\/\/comeca.uy\/web\/wp-json\/"}],"wp:attachment":[{"href":"https:\/\/comeca.uy\/web\/wp-json\/wp\/v2\/media?parent=2998"}],"wp:term":[{"taxonomy":"category","embeddable":true,"href":"https:\/\/comeca.uy\/web\/wp-json\/wp\/v2\/categories?post=2998"},{"taxonomy":"post_tag","embeddable":true,"href":"https:\/\/comeca.uy\/web\/wp-json\/wp\/v2\/tags?post=2998"}],"curies":[{"name":"wp","href":"https:\/\/api.w.org\/{rel}","templated":true}]}}