{"id":2995,"date":"2024-01-12T16:22:18","date_gmt":"2024-01-12T19:22:18","guid":{"rendered":"https:\/\/comeca.uy\/?p=2995"},"modified":"2024-01-12T16:22:18","modified_gmt":"2024-01-12T19:22:18","slug":"apertura-de-llamado-a-quimico-farmaceutico","status":"publish","type":"post","link":"https:\/\/comeca.uy\/web\/apertura-de-llamado-a-quimico-farmaceutico\/","title":{"rendered":"APERTURA DE LLAMADO A QU\u00cdMICO FARMAC\u00c9UTICO"},"content":{"rendered":"\n<p>Se llama a aspirantes para el desempe\u00f1o de tareas inherentes a la especificidad del Cargo.<\/p>\n\n\n\n<p>REQUISITOS EXCLUYENTES<br>T\u00edtulo de Qu\u00edmico Farmac\u00e9utico, expedido por la Universidad de la Rep\u00fablica (UDELAR) o Instituciones Privadas habilitadas por el Ministerio de Educaci\u00f3n y Cultura. Registrado y habilitado por el M.S.P.<\/p>\n\n\n\n<p>Edad hasta 45 a\u00f1os (cumplidos al momento del cierre de la inscripci\u00f3n)<\/p>\n\n\n\n<p>Amplia disponibilidad horaria<\/p>\n\n\n\n<p>SE VALORAR\u00c1<br>Formaci\u00f3n complementaria af\u00edn a las particularidades del cargo<br>Experiencia laboral en tareas de similar porte<br>Residir en la zona de influencia de COMECA.<br>Nivel de desarrollo de las siguientes competencias: &#8211; Capacidad para orientar equipos de trabajo, &#8211; Pensamiento estrat\u00e9gico, &#8211; Organizaci\u00f3n y Planificaci\u00f3n, &#8211; Orientaci\u00f3n a Resultados y &#8211; Capacidad de Trabajo en Equipo.<\/p>\n\n\n\n<p>R\u00c9GIMEN DE TRABAJO<br>24 horas semanales.<\/p>\n\n\n\n<p>PRESENTACI\u00d3N DE SOLICITUDES<br>Los interesados deber\u00e1n presentar su Curr\u00edculum en el Dpto. de RRHH (Batlle y Ordo\u00f1ez 136, 2\u00ba piso) en el horario de 10 a 17 horas o remitirlo por mail a: llamados@comeca.com.uy<\/p>\n\n\n\n<p>Es imprescindible adjuntar la documentaci\u00f3n correspondiente que acredite la formaci\u00f3n y experiencia especificada. Adem\u00e1s de fotocopia de C.I. y constancia de domicilio.<\/p>\n\n\n\n<p>La recepci\u00f3n de solicitudes es hasta el 31 de Enero de 2024.<\/p>\n\n\n\n<figure class=\"wp-block-image size-large\"><img decoding=\"async\" src=\"https:\/\/comeca.uy\/wp-content\/uploads\/2024\/01\/Llamado_QF_2024-1024x1024.jpeg\" alt=\"\" class=\"wp-image-2996\"\/><\/figure>\n","protected":false},"excerpt":{"rendered":"<p>Se llama a aspirantes para el desempe\u00f1o de tareas inherentes a la especificidad del Cargo. REQUISITOS EXCLUYENTEST\u00edtulo de Qu\u00edmico Farmac\u00e9utico, expedido por la Universidad de la Rep\u00fablica (UDELAR) o Instituciones Privadas habilitadas por el Ministerio de Educaci\u00f3n y Cultura. Registrado y habilitado por el M.S.P. Edad hasta 45 a\u00f1os (cumplidos al momento del cierre de [&hellip;]<\/p>\n","protected":false},"author":1,"featured_media":2996,"comment_status":"closed","ping_status":"closed","sticky":false,"template":"","format":"standard","meta":{"footnotes":""},"categories":[43],"tags":[74,81,86,88],"class_list":["post-2995","post","type-post","status-publish","format-standard","has-post-thumbnail","hentry","category-llamados","tag-medicina","tag-oportunidadlaboral-2","tag-salud-2","tag-trabajo-2"],"_links":{"self":[{"href":"https:\/\/comeca.uy\/web\/wp-json\/wp\/v2\/posts\/2995","targetHints":{"allow":["GET"]}}],"collection":[{"href":"https:\/\/comeca.uy\/web\/wp-json\/wp\/v2\/posts"}],"about":[{"href":"https:\/\/comeca.uy\/web\/wp-json\/wp\/v2\/types\/post"}],"author":[{"embeddable":true,"href":"https:\/\/comeca.uy\/web\/wp-json\/wp\/v2\/users\/1"}],"replies":[{"embeddable":true,"href":"https:\/\/comeca.uy\/web\/wp-json\/wp\/v2\/comments?post=2995"}],"version-history":[{"count":0,"href":"https:\/\/comeca.uy\/web\/wp-json\/wp\/v2\/posts\/2995\/revisions"}],"wp:featuredmedia":[{"embeddable":true,"href":"https:\/\/comeca.uy\/web\/wp-json\/"}],"wp:attachment":[{"href":"https:\/\/comeca.uy\/web\/wp-json\/wp\/v2\/media?parent=2995"}],"wp:term":[{"taxonomy":"category","embeddable":true,"href":"https:\/\/comeca.uy\/web\/wp-json\/wp\/v2\/categories?post=2995"},{"taxonomy":"post_tag","embeddable":true,"href":"https:\/\/comeca.uy\/web\/wp-json\/wp\/v2\/tags?post=2995"}],"curies":[{"name":"wp","href":"https:\/\/api.w.org\/{rel}","templated":true}]}}