{"id":2937,"date":"2023-11-20T14:12:14","date_gmt":"2023-11-20T17:12:14","guid":{"rendered":"https:\/\/comeca.uy\/?p=2937"},"modified":"2023-11-20T14:12:14","modified_gmt":"2023-11-20T17:12:14","slug":"20-de-noviembre-dia-de-los-derechos-del-nino","status":"publish","type":"post","link":"https:\/\/comeca.uy\/web\/20-de-noviembre-dia-de-los-derechos-del-nino\/","title":{"rendered":"20 de Noviembre \u2013 D\u00eda de los Derechos del Ni\u00f1o"},"content":{"rendered":"\n<figure class=\"wp-block-image size-large\"><img decoding=\"async\" src=\"https:\/\/comeca.uy\/wp-content\/uploads\/2023\/11\/Dia-de-los-Derechos-del-Nino-1024x1024.jpeg\" alt=\"\" class=\"wp-image-2938\"\/><\/figure>\n\n\n\n<p>Hacemos posible el acceso de todos los ni\u00f1os de la zona noroeste del departamento de Canelones, al derecho a la salud, uno de los derechos fundamentales que este 20 de noviembre se recuerda que poseen.<\/p>\n\n\n\n<p>Pero adem\u00e1s, trabajamos en acciones de responsabilidad social, para favorecer el cumplimiento de todos sus derechos y llevamos adelante pol\u00edticas institucionales para que en nuestra casa, los mismos est\u00e9n garantizados.<\/p>\n\n\n\n<p>20 de noviembre<br>D\u00eda de los Derechos del Ni\u00f1o<\/p>\n\n\n\n<p>Derecho a ser ni\u00f1o<br>a crecer en libertad<br>a una identidad<br>a una familia<br>a no ser discriminado<br>a protecci\u00f3n y socorro<br>a no ser abandonado ni maltratado<br>a una buena educaci\u00f3n<br>a cuidados especiales<br>DERECHO A LA SALUD<\/p>\n\n\n\n<p>#medicina #salud #pediatr\u00eda #ni\u00f1ez<\/p>\n\n\n\n<h1 class=\"wp-block-heading\"><\/h1>\n","protected":false},"excerpt":{"rendered":"<p>Hacemos posible el acceso de todos los ni\u00f1os de la zona noroeste del departamento de Canelones, al derecho a la salud, uno de los derechos fundamentales que este 20 de noviembre se recuerda que poseen. Pero adem\u00e1s, trabajamos en acciones de responsabilidad social, para favorecer el cumplimiento de todos sus derechos y llevamos adelante pol\u00edticas [&hellip;]<\/p>\n","protected":false},"author":1,"featured_media":2938,"comment_status":"closed","ping_status":"closed","sticky":false,"template":"","format":"standard","meta":{"footnotes":""},"categories":[51],"tags":[83,108,112,125],"class_list":["post-2937","post","type-post","status-publish","format-standard","has-post-thumbnail","hentry","category-noticias-2023","tag-pediatria-3","tag-medicina-2","tag-ninez","tag-salud"],"_links":{"self":[{"href":"https:\/\/comeca.uy\/web\/wp-json\/wp\/v2\/posts\/2937","targetHints":{"allow":["GET"]}}],"collection":[{"href":"https:\/\/comeca.uy\/web\/wp-json\/wp\/v2\/posts"}],"about":[{"href":"https:\/\/comeca.uy\/web\/wp-json\/wp\/v2\/types\/post"}],"author":[{"embeddable":true,"href":"https:\/\/comeca.uy\/web\/wp-json\/wp\/v2\/users\/1"}],"replies":[{"embeddable":true,"href":"https:\/\/comeca.uy\/web\/wp-json\/wp\/v2\/comments?post=2937"}],"version-history":[{"count":0,"href":"https:\/\/comeca.uy\/web\/wp-json\/wp\/v2\/posts\/2937\/revisions"}],"wp:featuredmedia":[{"embeddable":true,"href":"https:\/\/comeca.uy\/web\/wp-json\/"}],"wp:attachment":[{"href":"https:\/\/comeca.uy\/web\/wp-json\/wp\/v2\/media?parent=2937"}],"wp:term":[{"taxonomy":"category","embeddable":true,"href":"https:\/\/comeca.uy\/web\/wp-json\/wp\/v2\/categories?post=2937"},{"taxonomy":"post_tag","embeddable":true,"href":"https:\/\/comeca.uy\/web\/wp-json\/wp\/v2\/tags?post=2937"}],"curies":[{"name":"wp","href":"https:\/\/api.w.org\/{rel}","templated":true}]}}