{"id":2897,"date":"2023-10-17T13:05:41","date_gmt":"2023-10-17T16:05:41","guid":{"rendered":"https:\/\/comeca.uy\/?p=2897"},"modified":"2025-04-04T17:07:12","modified_gmt":"2025-04-04T17:07:12","slug":"el-agua-es-vida-el-agua-nutre-no-dejar-a-nadie-atras","status":"publish","type":"post","link":"https:\/\/comeca.uy\/web\/el-agua-es-vida-el-agua-nutre-no-dejar-a-nadie-atras\/","title":{"rendered":"\u201cEl agua es vida. El agua nutre. No dejar a nadie atr\u00e1s.\u201d"},"content":{"rendered":"\n<figure class=\"wp-block-image size-large\"><img decoding=\"async\" src=\"https:\/\/comeca.uy\/wp-content\/uploads\/2023\/10\/unnamed-1024x1024.jpg\" alt=\"\" class=\"wp-image-2898\"\/><\/figure>\n\n\n\n<p>Los nutricionistas de COMECA destacan siempre la importancia de una alimentaci\u00f3n saludable, es por ellos que este 16 de octubre, D\u00eda de la Alimentaci\u00f3n, nos alineamos al lema mundial, contribuyendo a generar conciencia sobre el uso racional del agua y del impacto que tiene en la supervivencia y el bienestar humano.<br><br>Este d\u00eda nos recuerda nuestro papel individual y colectivo en la protecci\u00f3n, el uso y gesti\u00f3n sostenibles de este recurso vital para la humanidad a favor de las generaciones presentes y futuras.<br><br>El agua es la savia de nuestro mundo.<br><br>Todos debemos dejar de dar por descontada el agua y comenzar a mejorar la forma de usarla en nuestra vida diaria.<br><br>Qu\u00e9 podemos hacer?<\/p>\n\n\n\n<ul class=\"wp-block-list\">\n<li>Seguir una dieta respetuosa con el agua.<\/li>\n\n\n\n<li>Consumir m\u00e1s alimentos frescos.<\/li>\n\n\n\n<li>Reducir el desperdicio de los alimentos.<\/li>\n\n\n\n<li>No contaminar el agua. Evitar desechar los residuos de alimentos, aceites, medicamentos y productos qu\u00edmicos por el desag\u00fce.<\/li>\n\n\n\n<li>Comprar de forma sostenible: Al comprar ropa, elegir fibras naturales y org\u00e1nicas como el algod\u00f3n o la lana, que hacen que la ropa dure m\u00e1s tiempo.<\/li>\n\n\n\n<li>Comprar menos materiales sint\u00e9ticos, como el poli\u00e9ster o los acr\u00edlicos, que liberan micro pl\u00e1sticos que pueden pasar a trav\u00e9s de los sistemas de filtraci\u00f3n e introducirse en nuestros sistemas de agua y oc\u00e9anos, y con el tiempo en la cadena alimentaria.<\/li>\n<\/ul>\n","protected":false},"excerpt":{"rendered":"<p>Los nutricionistas de COMECA destacan siempre la importancia de una alimentaci\u00f3n saludable, es por ellos que este 16 de octubre, D\u00eda de la Alimentaci\u00f3n, nos alineamos al lema mundial, contribuyendo a generar conciencia sobre el uso racional del agua y del impacto que tiene en la supervivencia y el bienestar humano. Este d\u00eda nos recuerda [&hellip;]<\/p>\n","protected":false},"author":1,"featured_media":2898,"comment_status":"closed","ping_status":"closed","sticky":false,"template":"","format":"standard","meta":{"footnotes":""},"categories":[53,51],"tags":[74,125],"class_list":["post-2897","post","type-post","status-publish","format-standard","has-post-thumbnail","hentry","category-noticias","category-noticias-2023","tag-medicina","tag-salud"],"_links":{"self":[{"href":"https:\/\/comeca.uy\/web\/wp-json\/wp\/v2\/posts\/2897","targetHints":{"allow":["GET"]}}],"collection":[{"href":"https:\/\/comeca.uy\/web\/wp-json\/wp\/v2\/posts"}],"about":[{"href":"https:\/\/comeca.uy\/web\/wp-json\/wp\/v2\/types\/post"}],"author":[{"embeddable":true,"href":"https:\/\/comeca.uy\/web\/wp-json\/wp\/v2\/users\/1"}],"replies":[{"embeddable":true,"href":"https:\/\/comeca.uy\/web\/wp-json\/wp\/v2\/comments?post=2897"}],"version-history":[{"count":1,"href":"https:\/\/comeca.uy\/web\/wp-json\/wp\/v2\/posts\/2897\/revisions"}],"predecessor-version":[{"id":3533,"href":"https:\/\/comeca.uy\/web\/wp-json\/wp\/v2\/posts\/2897\/revisions\/3533"}],"wp:featuredmedia":[{"embeddable":true,"href":"https:\/\/comeca.uy\/web\/wp-json\/"}],"wp:attachment":[{"href":"https:\/\/comeca.uy\/web\/wp-json\/wp\/v2\/media?parent=2897"}],"wp:term":[{"taxonomy":"category","embeddable":true,"href":"https:\/\/comeca.uy\/web\/wp-json\/wp\/v2\/categories?post=2897"},{"taxonomy":"post_tag","embeddable":true,"href":"https:\/\/comeca.uy\/web\/wp-json\/wp\/v2\/tags?post=2897"}],"curies":[{"name":"wp","href":"https:\/\/api.w.org\/{rel}","templated":true}]}}