{"id":2853,"date":"2023-08-09T18:27:42","date_gmt":"2023-08-09T21:27:42","guid":{"rendered":"https:\/\/comeca.uy\/?p=2853"},"modified":"2023-08-09T18:27:42","modified_gmt":"2023-08-09T21:27:42","slug":"charla-taller-perdidas-y-duelos-en-la-tercera-edad","status":"publish","type":"post","link":"https:\/\/comeca.uy\/web\/charla-taller-perdidas-y-duelos-en-la-tercera-edad\/","title":{"rendered":"Charla taller: \u201cperdidas y duelos en la tercera edad\u201d"},"content":{"rendered":"\n<p>El pasado 5 de agosto el equipo de Geriatr\u00eda y Psicoterapia de COMECA realiz\u00f3 en la Asociaci\u00f3n de jubilados una Charla taller: \u201cperdidas y duelos en la tercera edad\u201d. Coordinada por la Licenciada en Psicolog\u00eda Elo\u00edsa Vidal<br>M\u00e1s de 40 personas asistieron el pasado s\u00e1bado 5 de agosto a la charla taller sobre p\u00e9rdidas y duelo en la tercera edad que brind\u00f3 el equipo de Geriatr\u00eda y Psicoterapia de COMECA. En la actividad se abordaron temas tales como :tipos de perdidas, muerte de personas significativas y caracter\u00edsticas de los procesos de duelo. El inter\u00e9s mostrado por los asistentes, manifiesto a trav\u00e9s de una activa participaci\u00f3n con importantes aporte, evidencia la necesidad de intercambio inclusi\u00f3n e integraci\u00f3n en esta etapa tan importante de la vida.<\/p>\n\n\n<div class=\"wp-block-image\">\n<figure class=\"aligncenter size-full is-resized\"><img loading=\"lazy\" decoding=\"async\" src=\"https:\/\/comeca.uy\/wp-content\/uploads\/2023\/08\/charla_5_agosto_2023.jpeg\" alt=\"\" class=\"wp-image-2854\" style=\"width:790px;height:1024px\" width=\"790\" height=\"1024\"\/><\/figure>\n<\/div>","protected":false},"excerpt":{"rendered":"<p>El pasado 5 de agosto el equipo de Geriatr\u00eda y Psicoterapia de COMECA realiz\u00f3 en la Asociaci\u00f3n de jubilados una Charla taller: \u201cperdidas y duelos en la tercera edad\u201d. Coordinada por la Licenciada en Psicolog\u00eda Elo\u00edsa VidalM\u00e1s de 40 personas asistieron el pasado s\u00e1bado 5 de agosto a la charla taller sobre p\u00e9rdidas y duelo [&hellip;]<\/p>\n","protected":false},"author":1,"featured_media":2077,"comment_status":"closed","ping_status":"closed","sticky":false,"template":"","format":"standard","meta":{"footnotes":""},"categories":[51],"tags":[70,74,86],"class_list":["post-2853","post","type-post","status-publish","format-standard","has-post-thumbnail","hentry","category-noticias-2023","tag-geriatria","tag-medicina","tag-salud-2"],"_links":{"self":[{"href":"https:\/\/comeca.uy\/web\/wp-json\/wp\/v2\/posts\/2853","targetHints":{"allow":["GET"]}}],"collection":[{"href":"https:\/\/comeca.uy\/web\/wp-json\/wp\/v2\/posts"}],"about":[{"href":"https:\/\/comeca.uy\/web\/wp-json\/wp\/v2\/types\/post"}],"author":[{"embeddable":true,"href":"https:\/\/comeca.uy\/web\/wp-json\/wp\/v2\/users\/1"}],"replies":[{"embeddable":true,"href":"https:\/\/comeca.uy\/web\/wp-json\/wp\/v2\/comments?post=2853"}],"version-history":[{"count":0,"href":"https:\/\/comeca.uy\/web\/wp-json\/wp\/v2\/posts\/2853\/revisions"}],"wp:featuredmedia":[{"embeddable":true,"href":"https:\/\/comeca.uy\/web\/wp-json\/wp\/v2\/menu-items\/2077"}],"wp:attachment":[{"href":"https:\/\/comeca.uy\/web\/wp-json\/wp\/v2\/media?parent=2853"}],"wp:term":[{"taxonomy":"category","embeddable":true,"href":"https:\/\/comeca.uy\/web\/wp-json\/wp\/v2\/categories?post=2853"},{"taxonomy":"post_tag","embeddable":true,"href":"https:\/\/comeca.uy\/web\/wp-json\/wp\/v2\/tags?post=2853"}],"curies":[{"name":"wp","href":"https:\/\/api.w.org\/{rel}","templated":true}]}}