{"id":2806,"date":"2023-08-04T10:07:45","date_gmt":"2023-08-04T13:07:45","guid":{"rendered":"https:\/\/comeca.uy\/?p=2806"},"modified":"2023-08-04T10:07:45","modified_gmt":"2023-08-04T13:07:45","slug":"se-llama-a-aspirantes-para-integrar-lista-de-auxiliares-de-servicio-suplentes-para-canelones-y-santa-lucia","status":"publish","type":"post","link":"https:\/\/comeca.uy\/web\/se-llama-a-aspirantes-para-integrar-lista-de-auxiliares-de-servicio-suplentes-para-canelones-y-santa-lucia\/","title":{"rendered":"Se llama a aspirantes para integrar lista de Auxiliares de Servicio suplentes para Canelones y Santa Luc\u00eda."},"content":{"rendered":"\n<figure class=\"wp-block-image size-large\"><img decoding=\"async\" src=\"https:\/\/comeca.uy\/wp-content\/uploads\/2023\/08\/Llamado-Auxiliar-Servicio-2023-1024x1024.jpeg\" alt=\"\" class=\"wp-image-2810\"\/><\/figure>\n\n\n\n<p>REQUISITOS EXCLUYENTES<br>Edad entre 18 y 45 a\u00f1os (cumplidos al momento del cierre de la inscripci\u00f3n)<br>T\u00edtulo de Auxiliar de Servicio (habilitado por el M.S.P.)<br>Residir en la zona de influencia de COMECA (Canelones- Santa Luc\u00eda)<br>Amplia disponibilidad horaria.<\/p>\n\n\n\n<p>SE VALORAR\u00c1<br>Formaci\u00f3n Complementaria af\u00edn a las particularidades del cargo<br>Experiencia laboral en la actividad<br>Nivel de desarrollo de las siguientes competencias: Compromiso y responsabilidad, capacidad para el establecimiento de relaciones interpersonales, autonom\u00eda operativa, adaptabilidad y flexibilidad ante los cambios, capacidad y apertura al aprendizaje<\/p>\n\n\n\n<p>Se define la inclusi\u00f3n en el listado de suplentes de un porcentaje no inferior al 3% de los postulantes interesados en el Llamado, que est\u00e9n inscriptos en el Registro de la Comisi\u00f3n Honoraria de la Discapacidad y re\u00fanan las condiciones de idoneidad de acuerdo a la Ley 19.691<\/p>\n\n\n\n<p>PRESENTACI\u00d3N DE SOLICITUDES<br>Los interesados deber\u00e1n presentar su Curr\u00edculum en el Dpto. de RRHH (Batlle y Ordo\u00f1ez 136, 2\u00ba piso) en el horario de 10 a 17 horas o remitirlo por mail a seleccion@comeca.com.uy<br>Es imprescindible adjuntar la documentaci\u00f3n correspondiente que acredite la formaci\u00f3n y experiencia especificada. Fotocopia de C.I. y constancia de domicilio.<\/p>\n\n\n\n<p>La recepci\u00f3n de solicitudes es hasta el 23 de Agosto de 2023.<\/p>\n","protected":false},"excerpt":{"rendered":"<p>REQUISITOS EXCLUYENTESEdad entre 18 y 45 a\u00f1os (cumplidos al momento del cierre de la inscripci\u00f3n)T\u00edtulo de Auxiliar de Servicio (habilitado por el M.S.P.)Residir en la zona de influencia de COMECA (Canelones- Santa Luc\u00eda)Amplia disponibilidad horaria. SE VALORAR\u00c1Formaci\u00f3n Complementaria af\u00edn a las particularidades del cargoExperiencia laboral en la actividadNivel de desarrollo de las siguientes competencias: Compromiso [&hellip;]<\/p>\n","protected":false},"author":1,"featured_media":2807,"comment_status":"closed","ping_status":"closed","sticky":false,"template":"","format":"standard","meta":{"footnotes":""},"categories":[51],"tags":[],"class_list":["post-2806","post","type-post","status-publish","format-standard","has-post-thumbnail","hentry","category-noticias-2023"],"_links":{"self":[{"href":"https:\/\/comeca.uy\/web\/wp-json\/wp\/v2\/posts\/2806","targetHints":{"allow":["GET"]}}],"collection":[{"href":"https:\/\/comeca.uy\/web\/wp-json\/wp\/v2\/posts"}],"about":[{"href":"https:\/\/comeca.uy\/web\/wp-json\/wp\/v2\/types\/post"}],"author":[{"embeddable":true,"href":"https:\/\/comeca.uy\/web\/wp-json\/wp\/v2\/users\/1"}],"replies":[{"embeddable":true,"href":"https:\/\/comeca.uy\/web\/wp-json\/wp\/v2\/comments?post=2806"}],"version-history":[{"count":0,"href":"https:\/\/comeca.uy\/web\/wp-json\/wp\/v2\/posts\/2806\/revisions"}],"wp:featuredmedia":[{"embeddable":true,"href":"https:\/\/comeca.uy\/web\/wp-json\/"}],"wp:attachment":[{"href":"https:\/\/comeca.uy\/web\/wp-json\/wp\/v2\/media?parent=2806"}],"wp:term":[{"taxonomy":"category","embeddable":true,"href":"https:\/\/comeca.uy\/web\/wp-json\/wp\/v2\/categories?post=2806"},{"taxonomy":"post_tag","embeddable":true,"href":"https:\/\/comeca.uy\/web\/wp-json\/wp\/v2\/tags?post=2806"}],"curies":[{"name":"wp","href":"https:\/\/api.w.org\/{rel}","templated":true}]}}