{"id":2801,"date":"2023-07-27T10:02:00","date_gmt":"2023-07-27T13:02:00","guid":{"rendered":"https:\/\/comeca.uy\/?p=2801"},"modified":"2023-07-27T10:02:00","modified_gmt":"2023-07-27T13:02:00","slug":"gracias-giselle-juan-y-omar","status":"publish","type":"post","link":"https:\/\/comeca.uy\/web\/gracias-giselle-juan-y-omar\/","title":{"rendered":"GRACIAS GISELLE; JUAN Y OMAR"},"content":{"rendered":"\n<p>El equipo de gesti\u00f3n de COMECA brind\u00f3 su reconocimiento a los integrantes de la equipo de salud que en este a\u00f1o pasaron a retiro jubiltario, tal es el caso de los Dres. Juan Bide, M\u00e9dico Traumat\u00f3logo que supo ser vicepresidente de la instituci\u00f3n, Director de sanatorios e integrante del Consejo de Seguridad del Paciente, adem\u00e1s de desempe\u00f1ar tareas en las policl\u00ednicas de Canelones y Santa Luc\u00eda, Ra\u00fal Omar Pereira, M\u00e9dico Cardi\u00f3logo que adem\u00e1s de brindar policl\u00ednicas en Canelones, Santa Luc\u00eda, Santa Rosa, San Bautista, San Ram\u00f3n, Tala y Los Cerrillos, fue Jefe del \u00c1rea de CTI de la instituci\u00f3n, y de la Dra. Giselle Marie Hontan, M\u00e9dica Pediatra que adem\u00e1s de brindar policl\u00ednicas en Canelones, Santa Luc\u00eda, Santa Rosa, San Bautista, Los Cerrillos y San Antonio, integr\u00f3 la Comisi\u00f3n de Lactancia de la instituci\u00f3n.<br>#medicina #salud #reconocimiento<\/p>\n\n\n\n<figure class=\"wp-block-image size-full\"><img decoding=\"async\" src=\"https:\/\/comeca.uy\/wp-content\/uploads\/2023\/08\/363342487_1013625086617634_6320089588025073526_n.jpg\" alt=\"\" class=\"wp-image-2803\"\/><\/figure>\n\n\n\n<figure class=\"wp-block-image size-full\"><img decoding=\"async\" src=\"https:\/\/comeca.uy\/wp-content\/uploads\/2023\/08\/363342723_1013625126617630_6731895914547946141_n.jpg\" alt=\"\" class=\"wp-image-2802\"\/><\/figure>\n","protected":false},"excerpt":{"rendered":"<p>El equipo de gesti\u00f3n de COMECA brind\u00f3 su reconocimiento a los integrantes de la equipo de salud que en este a\u00f1o pasaron a retiro jubiltario, tal es el caso de los Dres. Juan Bide, M\u00e9dico Traumat\u00f3logo que supo ser vicepresidente de la instituci\u00f3n, Director de sanatorios e integrante del Consejo de Seguridad del Paciente, adem\u00e1s [&hellip;]<\/p>\n","protected":false},"author":1,"featured_media":2803,"comment_status":"closed","ping_status":"closed","sticky":false,"template":"","format":"standard","meta":{"footnotes":""},"categories":[51],"tags":[],"class_list":["post-2801","post","type-post","status-publish","format-standard","has-post-thumbnail","hentry","category-noticias-2023"],"_links":{"self":[{"href":"https:\/\/comeca.uy\/web\/wp-json\/wp\/v2\/posts\/2801","targetHints":{"allow":["GET"]}}],"collection":[{"href":"https:\/\/comeca.uy\/web\/wp-json\/wp\/v2\/posts"}],"about":[{"href":"https:\/\/comeca.uy\/web\/wp-json\/wp\/v2\/types\/post"}],"author":[{"embeddable":true,"href":"https:\/\/comeca.uy\/web\/wp-json\/wp\/v2\/users\/1"}],"replies":[{"embeddable":true,"href":"https:\/\/comeca.uy\/web\/wp-json\/wp\/v2\/comments?post=2801"}],"version-history":[{"count":0,"href":"https:\/\/comeca.uy\/web\/wp-json\/wp\/v2\/posts\/2801\/revisions"}],"wp:featuredmedia":[{"embeddable":true,"href":"https:\/\/comeca.uy\/web\/wp-json\/"}],"wp:attachment":[{"href":"https:\/\/comeca.uy\/web\/wp-json\/wp\/v2\/media?parent=2801"}],"wp:term":[{"taxonomy":"category","embeddable":true,"href":"https:\/\/comeca.uy\/web\/wp-json\/wp\/v2\/categories?post=2801"},{"taxonomy":"post_tag","embeddable":true,"href":"https:\/\/comeca.uy\/web\/wp-json\/wp\/v2\/tags?post=2801"}],"curies":[{"name":"wp","href":"https:\/\/api.w.org\/{rel}","templated":true}]}}