{"id":2770,"date":"2023-05-31T08:54:34","date_gmt":"2023-05-31T11:54:34","guid":{"rendered":"https:\/\/comeca.uy\/?p=2770"},"modified":"2023-05-31T08:54:34","modified_gmt":"2023-05-31T11:54:34","slug":"31-de-mayo-dia-mundial-sin-tabaco-2","status":"publish","type":"post","link":"https:\/\/comeca.uy\/web\/31-de-mayo-dia-mundial-sin-tabaco-2\/","title":{"rendered":"31 de mayo, D\u00eda Mundial SIN Tabaco"},"content":{"rendered":"\n<p>Este 31 de mayo, D\u00eda Mundial SIN Tabaco, en COMECA adherimos a la campa\u00f1a nacional y reafirmamos nuestro compromiso con la promoci\u00f3n y prevenci\u00f3n de salud, la que incluye el fomento de la cesaci\u00f3n tab\u00e1quica, a trav\u00e9s de diversas acciones preventivas y policl\u00ednicas especializadas.<\/p>\n\n\n\n<p>Los Talleres de cesaci\u00f3n tab\u00e1quica se realizan en Canelones los d\u00edas lunes a las 17.30 ; en Santa Luc\u00eda los d\u00edas mi\u00e9rcoles a las 11:00 . El acceso es sin pase, solo debe anotarse en mostrador<\/p>\n\n\n\n<p>#medicina #salud #controltabaco #notabaco<\/p>\n\n\n\n<figure class=\"wp-block-embed is-type-video is-provider-youtube wp-block-embed-youtube wp-embed-aspect-16-9 wp-has-aspect-ratio\"><div class=\"wp-block-embed__wrapper\">\n<iframe loading=\"lazy\" title=\"Dale un RESPIRO a tu vida COMISION HONORARIA DE LUCHA CONTRA EL CANCER\" width=\"770\" height=\"433\" src=\"https:\/\/www.youtube.com\/embed\/1PU2JaBmfs4?feature=oembed\" frameborder=\"0\" allow=\"accelerometer; autoplay; clipboard-write; encrypted-media; gyroscope; picture-in-picture; web-share\" referrerpolicy=\"strict-origin-when-cross-origin\" allowfullscreen><\/iframe>\n<\/div><\/figure>\n","protected":false},"excerpt":{"rendered":"<p>Este 31 de mayo, D\u00eda Mundial SIN Tabaco, en COMECA adherimos a la campa\u00f1a nacional y reafirmamos nuestro compromiso con la promoci\u00f3n y prevenci\u00f3n de salud, la que incluye el fomento de la cesaci\u00f3n tab\u00e1quica, a trav\u00e9s de diversas acciones preventivas y policl\u00ednicas especializadas. Los Talleres de cesaci\u00f3n tab\u00e1quica se realizan en Canelones los d\u00edas [&hellip;]<\/p>\n","protected":false},"author":1,"featured_media":2771,"comment_status":"closed","ping_status":"closed","sticky":false,"template":"","format":"standard","meta":{"footnotes":""},"categories":[51],"tags":[],"class_list":["post-2770","post","type-post","status-publish","format-standard","has-post-thumbnail","hentry","category-noticias-2023"],"_links":{"self":[{"href":"https:\/\/comeca.uy\/web\/wp-json\/wp\/v2\/posts\/2770","targetHints":{"allow":["GET"]}}],"collection":[{"href":"https:\/\/comeca.uy\/web\/wp-json\/wp\/v2\/posts"}],"about":[{"href":"https:\/\/comeca.uy\/web\/wp-json\/wp\/v2\/types\/post"}],"author":[{"embeddable":true,"href":"https:\/\/comeca.uy\/web\/wp-json\/wp\/v2\/users\/1"}],"replies":[{"embeddable":true,"href":"https:\/\/comeca.uy\/web\/wp-json\/wp\/v2\/comments?post=2770"}],"version-history":[{"count":0,"href":"https:\/\/comeca.uy\/web\/wp-json\/wp\/v2\/posts\/2770\/revisions"}],"wp:featuredmedia":[{"embeddable":true,"href":"https:\/\/comeca.uy\/web\/wp-json\/"}],"wp:attachment":[{"href":"https:\/\/comeca.uy\/web\/wp-json\/wp\/v2\/media?parent=2770"}],"wp:term":[{"taxonomy":"category","embeddable":true,"href":"https:\/\/comeca.uy\/web\/wp-json\/wp\/v2\/categories?post=2770"},{"taxonomy":"post_tag","embeddable":true,"href":"https:\/\/comeca.uy\/web\/wp-json\/wp\/v2\/tags?post=2770"}],"curies":[{"name":"wp","href":"https:\/\/api.w.org\/{rel}","templated":true}]}}