{"id":2744,"date":"2023-03-17T17:59:07","date_gmt":"2023-03-17T20:59:07","guid":{"rendered":"https:\/\/comeca.uy\/?p=2744"},"modified":"2023-03-17T17:59:07","modified_gmt":"2023-03-17T20:59:07","slug":"se-llama-a-aspirantes-para-desempenar-tareas-de-licenciado-a-en-enfermeria-jefe-de-ucep-unidad-de-cuidados-especiales-pediatricos","status":"publish","type":"post","link":"https:\/\/comeca.uy\/web\/se-llama-a-aspirantes-para-desempenar-tareas-de-licenciado-a-en-enfermeria-jefe-de-ucep-unidad-de-cuidados-especiales-pediatricos\/","title":{"rendered":"Se llama a aspirantes para desempe\u00f1ar tareas de LICENCIADO-A EN ENFERMER\u00cdA JEFE DE UCEP (UNIDAD DE CUIDADOS ESPECIALES PEDI\u00c1TRICOS)"},"content":{"rendered":"\n<p>CARGO:<br>Licenciado\/a en Enfermer\u00eda Jefe de Sector<\/p>\n\n\n\n<p>CONDICIONES DE TRABAJO:<br>36 horas semanales<br>R\u00e9gimen de trabajo: Horario variable<br>Descanso: fijo<\/p>\n\n\n\n<p>REQUISITOS EXCLUYENTES:<br>Hasta 50 a\u00f1os al momento del cierre del Llamado<br>T\u00edtulo de Licenciado\/a en Enfermer\u00eda<br>Amplia disponibilidad horaria<\/p>\n\n\n\n<p>SE VALORAR\u00c1:<br>Formaci\u00f3n complementaria af\u00edn a las particularidades del Cargo.<br>T\u00edtulo de especialidad en cuidados intensivos neonatol\u00f3gicos y\/o pedi\u00e1tricos<br>Experiencia laboral en tareas de similar porte.<br>Residir en zona de influencia de COMECA Canelones<br>Nivel de desarrollo de las siguientes competencias: &#8211; Habilidad anal\u00edtica, capacidad de liderazgo, iniciativa y autonom\u00eda, capacidad de trabajo en equipo.<\/p>\n\n\n\n<p>PRESENTACI\u00d3N DE SOLICITUDES:<br>Los interesados deber\u00e1n presentar su Curr\u00edculum en el Dpto. de RRHH (Batlle y Ordo\u00f1ez 136, 2\u00ba piso) en el horario de 10 a 17 horas o remitirlo por mail a: seleccion@comeca.com.uy<\/p>\n\n\n\n<p>Es imprescindible adjuntar la documentaci\u00f3n correspondiente que acredite la formaci\u00f3n y experiencia especificada. Adem\u00e1s, fotocopia de C.I. y constancia de domicilio.<\/p>\n\n\n\n<p>La recepci\u00f3n de solicitudes es hasta el 12 de Abril de 2023.<\/p>\n\n\n\n<figure class=\"wp-block-image size-full\"><img decoding=\"async\" src=\"https:\/\/comeca.uy\/wp-content\/uploads\/2023\/03\/Llamado_LicEnf_Jefe_UCEP.jpeg\" alt=\"\" class=\"wp-image-2745\"\/><\/figure>\n","protected":false},"excerpt":{"rendered":"<p>CARGO:Licenciado\/a en Enfermer\u00eda Jefe de Sector CONDICIONES DE TRABAJO:36 horas semanalesR\u00e9gimen de trabajo: Horario variableDescanso: fijo REQUISITOS EXCLUYENTES:Hasta 50 a\u00f1os al momento del cierre del LlamadoT\u00edtulo de Licenciado\/a en Enfermer\u00edaAmplia disponibilidad horaria SE VALORAR\u00c1:Formaci\u00f3n complementaria af\u00edn a las particularidades del Cargo.T\u00edtulo de especialidad en cuidados intensivos neonatol\u00f3gicos y\/o pedi\u00e1tricosExperiencia laboral en tareas de similar porte.Residir [&hellip;]<\/p>\n","protected":false},"author":1,"featured_media":2745,"comment_status":"closed","ping_status":"closed","sticky":false,"template":"","format":"standard","meta":{"footnotes":""},"categories":[43],"tags":[74,81,86,88],"class_list":["post-2744","post","type-post","status-publish","format-standard","has-post-thumbnail","hentry","category-llamados","tag-medicina","tag-oportunidadlaboral-2","tag-salud-2","tag-trabajo-2"],"_links":{"self":[{"href":"https:\/\/comeca.uy\/web\/wp-json\/wp\/v2\/posts\/2744","targetHints":{"allow":["GET"]}}],"collection":[{"href":"https:\/\/comeca.uy\/web\/wp-json\/wp\/v2\/posts"}],"about":[{"href":"https:\/\/comeca.uy\/web\/wp-json\/wp\/v2\/types\/post"}],"author":[{"embeddable":true,"href":"https:\/\/comeca.uy\/web\/wp-json\/wp\/v2\/users\/1"}],"replies":[{"embeddable":true,"href":"https:\/\/comeca.uy\/web\/wp-json\/wp\/v2\/comments?post=2744"}],"version-history":[{"count":0,"href":"https:\/\/comeca.uy\/web\/wp-json\/wp\/v2\/posts\/2744\/revisions"}],"wp:featuredmedia":[{"embeddable":true,"href":"https:\/\/comeca.uy\/web\/wp-json\/"}],"wp:attachment":[{"href":"https:\/\/comeca.uy\/web\/wp-json\/wp\/v2\/media?parent=2744"}],"wp:term":[{"taxonomy":"category","embeddable":true,"href":"https:\/\/comeca.uy\/web\/wp-json\/wp\/v2\/categories?post=2744"},{"taxonomy":"post_tag","embeddable":true,"href":"https:\/\/comeca.uy\/web\/wp-json\/wp\/v2\/tags?post=2744"}],"curies":[{"name":"wp","href":"https:\/\/api.w.org\/{rel}","templated":true}]}}