{"id":2741,"date":"2023-03-14T17:53:28","date_gmt":"2023-03-14T20:53:28","guid":{"rendered":"https:\/\/comeca.uy\/?p=2741"},"modified":"2023-03-14T17:53:28","modified_gmt":"2023-03-14T20:53:28","slug":"jornada-educativa-en-san-antonio","status":"publish","type":"post","link":"https:\/\/comeca.uy\/web\/jornada-educativa-en-san-antonio\/","title":{"rendered":"Jornada Educativa en San Antonio"},"content":{"rendered":"\n<p>Este s\u00e1bado 11 de marzo se retomaron las jornadas educativas en enfermer\u00eda en las filiales COMECA del interior del departamento.<\/p>\n\n\n\n<p>Con una charla realizada en al ciudad de San Antonio, donde ya se hab\u00edan realizado otras ediciones de este ciclo con el objetivo de acercar el conocimiento basado en las necesidades planteadas por los propios protagonistas, se ratificaron las l\u00edneas estrat\u00e9gicas ya iniciadas, para trabajar en la accesibilidad, cercan\u00eda, participaci\u00f3n y equidad.<\/p>\n\n\n\n<p>La educaci\u00f3n permanente favorece la calidad y cuidado que el personal de enfermer\u00eda brinda a nuestros usuarios.<\/p>\n\n\n\n<p><\/p>\n\n\n\n<figure class=\"wp-block-image size-full\"><img decoding=\"async\" src=\"https:\/\/comeca.uy\/wp-content\/uploads\/2023\/03\/jornada_SanAntonio.jpeg\" alt=\"\" class=\"wp-image-2742\"\/><\/figure>\n","protected":false},"excerpt":{"rendered":"<p>Este s\u00e1bado 11 de marzo se retomaron las jornadas educativas en enfermer\u00eda en las filiales COMECA del interior del departamento. Con una charla realizada en al ciudad de San Antonio, donde ya se hab\u00edan realizado otras ediciones de este ciclo con el objetivo de acercar el conocimiento basado en las necesidades planteadas por los propios [&hellip;]<\/p>\n","protected":false},"author":1,"featured_media":2077,"comment_status":"closed","ping_status":"closed","sticky":false,"template":"","format":"standard","meta":{"footnotes":""},"categories":[51],"tags":[69,74,86],"class_list":["post-2741","post","type-post","status-publish","format-standard","has-post-thumbnail","hentry","category-noticias-2023","tag-enfermeria-3","tag-medicina","tag-salud-2"],"_links":{"self":[{"href":"https:\/\/comeca.uy\/web\/wp-json\/wp\/v2\/posts\/2741","targetHints":{"allow":["GET"]}}],"collection":[{"href":"https:\/\/comeca.uy\/web\/wp-json\/wp\/v2\/posts"}],"about":[{"href":"https:\/\/comeca.uy\/web\/wp-json\/wp\/v2\/types\/post"}],"author":[{"embeddable":true,"href":"https:\/\/comeca.uy\/web\/wp-json\/wp\/v2\/users\/1"}],"replies":[{"embeddable":true,"href":"https:\/\/comeca.uy\/web\/wp-json\/wp\/v2\/comments?post=2741"}],"version-history":[{"count":0,"href":"https:\/\/comeca.uy\/web\/wp-json\/wp\/v2\/posts\/2741\/revisions"}],"wp:featuredmedia":[{"embeddable":true,"href":"https:\/\/comeca.uy\/web\/wp-json\/wp\/v2\/menu-items\/2077"}],"wp:attachment":[{"href":"https:\/\/comeca.uy\/web\/wp-json\/wp\/v2\/media?parent=2741"}],"wp:term":[{"taxonomy":"category","embeddable":true,"href":"https:\/\/comeca.uy\/web\/wp-json\/wp\/v2\/categories?post=2741"},{"taxonomy":"post_tag","embeddable":true,"href":"https:\/\/comeca.uy\/web\/wp-json\/wp\/v2\/tags?post=2741"}],"curies":[{"name":"wp","href":"https:\/\/api.w.org\/{rel}","templated":true}]}}