{"id":2708,"date":"2023-01-04T15:39:57","date_gmt":"2023-01-04T18:39:57","guid":{"rendered":"https:\/\/comeca.uy\/?p=2708"},"modified":"2023-01-04T15:39:57","modified_gmt":"2023-01-04T18:39:57","slug":"auxiliar-de-enfermeria-suplente-comeca-san-ramon","status":"publish","type":"post","link":"https:\/\/comeca.uy\/web\/auxiliar-de-enfermeria-suplente-comeca-san-ramon\/","title":{"rendered":"AUXILIAR DE ENFERMER\u00cdA SUPLENTE COMECA SAN RAM\u00d3N"},"content":{"rendered":"\n<figure class=\"wp-block-image size-large\"><img decoding=\"async\" src=\"https:\/\/comeca.uy\/wp-content\/uploads\/2023\/01\/WhatsApp-Image-2023-01-04-at-13.25.24-1024x1024.jpeg\" alt=\"\" class=\"wp-image-2709\"\/><\/figure>\n\n\n\n<p>Se llama a aspirantes para configurar lista de suplentes para el desempe\u00f1o de las tareas inherentes a la especificidad del Cargo.<\/p>\n\n\n\n<p>CARGO:<br>Auxiliar de Enfermer\u00eda suplente (Grado III)<\/p>\n\n\n\n<p>REQUISITOS EXCLUYENTES<br>Edad entre 20 y 45 a\u00f1os<br>T\u00edtulo de Auxiliar de Enfermer\u00eda habilitado por el MSP<br>Residir en la zona de influencia de COMECA San Ram\u00f3n<br>Amplia disponibilidad horaria<\/p>\n\n\n\n<p>SE VALORAR\u00c1<br>Experiencia laboral en tareas de similar porte.<br>Formaci\u00f3n complementaria af\u00edn a las particularidades del Cargo.<\/p>\n\n\n\n<p>PRESENTACI\u00d3N DE SOLICITUDES<br>Los interesados deber\u00e1n enviar su Curr\u00edculum por mail a la siguiente direcci\u00f3n: seleccion@comeca.com.uy<br>Es imprescindible adjuntar la documentaci\u00f3n correspondiente que acredite la formaci\u00f3n y experiencia especificada. Adem\u00e1s de fotocopia de C.I. y constancia de domicilio.<\/p>\n\n\n\n<p>La recepci\u00f3n de solicitudes es hasta el 31 de Enero de 2023.<\/p>\n","protected":false},"excerpt":{"rendered":"<p>Se llama a aspirantes para configurar lista de suplentes para el desempe\u00f1o de las tareas inherentes a la especificidad del Cargo. CARGO:Auxiliar de Enfermer\u00eda suplente (Grado III) REQUISITOS EXCLUYENTESEdad entre 20 y 45 a\u00f1osT\u00edtulo de Auxiliar de Enfermer\u00eda habilitado por el MSPResidir en la zona de influencia de COMECA San Ram\u00f3nAmplia disponibilidad horaria SE VALORAR\u00c1Experiencia [&hellip;]<\/p>\n","protected":false},"author":1,"featured_media":2709,"comment_status":"closed","ping_status":"closed","sticky":false,"template":"","format":"standard","meta":{"footnotes":""},"categories":[43,51],"tags":[108,117,125,131],"class_list":["post-2708","post","type-post","status-publish","format-standard","has-post-thumbnail","hentry","category-llamados","category-noticias-2023","tag-medicina-2","tag-oportunidadlaboral","tag-salud","tag-trabajo"],"_links":{"self":[{"href":"https:\/\/comeca.uy\/web\/wp-json\/wp\/v2\/posts\/2708","targetHints":{"allow":["GET"]}}],"collection":[{"href":"https:\/\/comeca.uy\/web\/wp-json\/wp\/v2\/posts"}],"about":[{"href":"https:\/\/comeca.uy\/web\/wp-json\/wp\/v2\/types\/post"}],"author":[{"embeddable":true,"href":"https:\/\/comeca.uy\/web\/wp-json\/wp\/v2\/users\/1"}],"replies":[{"embeddable":true,"href":"https:\/\/comeca.uy\/web\/wp-json\/wp\/v2\/comments?post=2708"}],"version-history":[{"count":0,"href":"https:\/\/comeca.uy\/web\/wp-json\/wp\/v2\/posts\/2708\/revisions"}],"wp:featuredmedia":[{"embeddable":true,"href":"https:\/\/comeca.uy\/web\/wp-json\/"}],"wp:attachment":[{"href":"https:\/\/comeca.uy\/web\/wp-json\/wp\/v2\/media?parent=2708"}],"wp:term":[{"taxonomy":"category","embeddable":true,"href":"https:\/\/comeca.uy\/web\/wp-json\/wp\/v2\/categories?post=2708"},{"taxonomy":"post_tag","embeddable":true,"href":"https:\/\/comeca.uy\/web\/wp-json\/wp\/v2\/tags?post=2708"}],"curies":[{"name":"wp","href":"https:\/\/api.w.org\/{rel}","templated":true}]}}