{"id":2702,"date":"2022-12-23T08:51:04","date_gmt":"2022-12-23T11:51:04","guid":{"rendered":"https:\/\/comeca.uy\/?p=2702"},"modified":"2022-12-23T08:51:04","modified_gmt":"2022-12-23T11:51:04","slug":"congreso-nacional-de-salud-de-adolescentes","status":"publish","type":"post","link":"https:\/\/comeca.uy\/web\/congreso-nacional-de-salud-de-adolescentes\/","title":{"rendered":"Congreso Nacional de Salud de Adolescentes"},"content":{"rendered":"\n<p>Bajo la tem\u00e1tica de \u201cLa atenci\u00f3n en salud mental de adolescentes\u201d se realiz\u00f3 en la fundaci\u00f3n \u201cLa Muralla\u201d en la ciudad de Montevideo, el Congreso Nacional de Salud de Adolescentes.<\/p>\n\n\n\n<p>El Dr Edgar Tesoro, coordinador del servicio adolescentes, explic\u00f3 que en representaci\u00f3n de COMECA participaron dos adolescentes que son parte de los talleres que imparte la instituci\u00f3n.<\/p>\n\n\n\n<p>Priscilla Vitalle y Lucia Remedios. acompa\u00f1adas por la Psic\u00f3loga Paola Moreira. pudieron intercambiar con otros adolescentes de todo el pa\u00eds, su visi\u00f3n, opiniones y experiencia sobre la salud mental, as\u00ed como ser parte de las actividades l\u00fadicas y socializaci\u00f3n con una valoraci\u00f3n excelente y de aprendizaje de la jornada con inter\u00e9s por pr\u00f3ximas actividades.<\/p>\n\n\n\n<figure class=\"wp-block-image size-large is-resized\"><img loading=\"lazy\" decoding=\"async\" src=\"https:\/\/comeca.uy\/wp-content\/uploads\/2022\/12\/WhatsApp-Image-2022-12-21-at-16.36.57-1024x1024.jpeg\" alt=\"\" class=\"wp-image-2705\" width=\"840\" height=\"840\"\/><\/figure>\n\n\n\n<figure class=\"wp-block-image size-large\"><img decoding=\"async\" src=\"https:\/\/comeca.uy\/wp-content\/uploads\/2022\/12\/WhatsApp-Image-2022-12-21-at-16.36.58-1-1024x1024.jpeg\" alt=\"\" class=\"wp-image-2704\"\/><\/figure>\n\n\n\n<figure class=\"wp-block-image size-large\"><img decoding=\"async\" src=\"https:\/\/comeca.uy\/wp-content\/uploads\/2022\/12\/WhatsApp-Image-2022-12-21-at-16.36.58-1024x1024.jpeg\" alt=\"\" class=\"wp-image-2703\"\/><\/figure>\n\n\n\n<figure class=\"wp-block-image size-large\"><img decoding=\"async\" src=\"https:\/\/comeca.uy\/wp-content\/uploads\/2022\/12\/WhatsApp-Image-2022-12-21-at-16.36.57-1-1024x1024.jpeg\" alt=\"\" class=\"wp-image-2706\"\/><\/figure>\n","protected":false},"excerpt":{"rendered":"<p>Bajo la tem\u00e1tica de \u201cLa atenci\u00f3n en salud mental de adolescentes\u201d se realiz\u00f3 en la fundaci\u00f3n \u201cLa Muralla\u201d en la ciudad de Montevideo, el Congreso Nacional de Salud de Adolescentes. El Dr Edgar Tesoro, coordinador del servicio adolescentes, explic\u00f3 que en representaci\u00f3n de COMECA participaron dos adolescentes que son parte de los talleres que imparte [&hellip;]<\/p>\n","protected":false},"author":1,"featured_media":2706,"comment_status":"closed","ping_status":"closed","sticky":false,"template":"","format":"standard","meta":{"footnotes":""},"categories":[50],"tags":[],"class_list":["post-2702","post","type-post","status-publish","format-standard","has-post-thumbnail","hentry","category-noticias-2022"],"_links":{"self":[{"href":"https:\/\/comeca.uy\/web\/wp-json\/wp\/v2\/posts\/2702","targetHints":{"allow":["GET"]}}],"collection":[{"href":"https:\/\/comeca.uy\/web\/wp-json\/wp\/v2\/posts"}],"about":[{"href":"https:\/\/comeca.uy\/web\/wp-json\/wp\/v2\/types\/post"}],"author":[{"embeddable":true,"href":"https:\/\/comeca.uy\/web\/wp-json\/wp\/v2\/users\/1"}],"replies":[{"embeddable":true,"href":"https:\/\/comeca.uy\/web\/wp-json\/wp\/v2\/comments?post=2702"}],"version-history":[{"count":0,"href":"https:\/\/comeca.uy\/web\/wp-json\/wp\/v2\/posts\/2702\/revisions"}],"wp:featuredmedia":[{"embeddable":true,"href":"https:\/\/comeca.uy\/web\/wp-json\/"}],"wp:attachment":[{"href":"https:\/\/comeca.uy\/web\/wp-json\/wp\/v2\/media?parent=2702"}],"wp:term":[{"taxonomy":"category","embeddable":true,"href":"https:\/\/comeca.uy\/web\/wp-json\/wp\/v2\/categories?post=2702"},{"taxonomy":"post_tag","embeddable":true,"href":"https:\/\/comeca.uy\/web\/wp-json\/wp\/v2\/tags?post=2702"}],"curies":[{"name":"wp","href":"https:\/\/api.w.org\/{rel}","templated":true}]}}