{"id":2684,"date":"2022-10-24T17:13:32","date_gmt":"2022-10-24T20:13:32","guid":{"rendered":"https:\/\/comeca.uy\/?p=2684"},"modified":"2022-10-24T17:13:32","modified_gmt":"2022-10-24T20:13:32","slug":"llamado-externo-medico-internista","status":"publish","type":"post","link":"https:\/\/comeca.uy\/web\/llamado-externo-medico-internista\/","title":{"rendered":"LLAMADO EXTERNO MEDICO INTERNISTA"},"content":{"rendered":"\n<figure class=\"wp-block-image size-full\"><img decoding=\"async\" src=\"https:\/\/comeca.uy\/wp-content\/uploads\/2022\/10\/llamado_medico_interno_sanatorio.jpeg\" alt=\"\" class=\"wp-image-2685\"\/><\/figure>\n\n\n\n<p>Se llama a aspirantes para configurar lista de suplentes para el desempe\u00f1o de funciones de M\u00e9dico Interno en Sanatorio.<\/p>\n\n\n\n<p>REQUISITOS EXCLUYENTES<\/p>\n\n\n\n<ul class=\"wp-block-list\">\n<li>T\u00edtulo de M\u00e9dico expedido por la Facultad de Medicina de la UDELAR o Instituciones Privadas habilitadas por el Ministerio de Educaci\u00f3n y Cultura<\/li>\n\n\n\n<li>T\u00edtulo de Especialista en Medicina Interna, residente o post-grado avanzado en Medicina Interna; residente o cursando post-grado de otra Especialidad M\u00e9dica.<br>SE VALORAR\u00c1<\/li>\n\n\n\n<li>Formaci\u00f3n complementaria af\u00edn a las particularidades del cargo<\/li>\n\n\n\n<li>Experiencia laboral en tareas de similar porte<\/li>\n\n\n\n<li>Disponibilidad horaria<\/li>\n\n\n\n<li>Residir en zona de influencia de COMECA<br>FUNCIONES PRINCIPALES<\/li>\n\n\n\n<li>Visita Sanatorial COMECA Canelones y Santa Luc\u00eda.<\/li>\n\n\n\n<li>M\u00e9dico de apoyo en Sanatorio de COMECA Canelones, de lunes a viernes de 8:00 a<br>14:00 horas, s\u00e1bados de 14:00 a 20:00 horas y domingos de 8:00 a 20:00 horas.<\/li>\n<\/ul>\n\n\n\n<p>PRESENTACI\u00d3N DE SOLICITUDES<\/p>\n\n\n\n<p>\u2013 Los interesados deber\u00e1n presentar su Curr\u00edculum en el Dpto. de RRHH (Batlle y Ordo\u00f1ez<br>136, 2\u00ba piso) en el horario de 10 a 17 horas o remitirlo por mail a:<br>llamados@comeca.com.uy<br>\u2013 Es imprescindible adjuntar la documentaci\u00f3n correspondiente que acredite la formaci\u00f3n y experiencia especificada. Adem\u00e1s de fotocopia de C.I. y constancia de domicilio.<\/p>\n\n\n\n<p>\u2013 La recepci\u00f3n de solicitudes es hasta el 20 de Noviembre de 2022.<\/p>\n","protected":false},"excerpt":{"rendered":"<p>Se llama a aspirantes para configurar lista de suplentes para el desempe\u00f1o de funciones de M\u00e9dico Interno en Sanatorio. REQUISITOS EXCLUYENTES PRESENTACI\u00d3N DE SOLICITUDES \u2013 Los interesados deber\u00e1n presentar su Curr\u00edculum en el Dpto. de RRHH (Batlle y Ordo\u00f1ez136, 2\u00ba piso) en el horario de 10 a 17 horas o remitirlo por mail a:llamados@comeca.com.uy\u2013 Es [&hellip;]<\/p>\n","protected":false},"author":1,"featured_media":2685,"comment_status":"closed","ping_status":"closed","sticky":false,"template":"","format":"standard","meta":{"footnotes":""},"categories":[43,50],"tags":[],"class_list":["post-2684","post","type-post","status-publish","format-standard","has-post-thumbnail","hentry","category-llamados","category-noticias-2022"],"_links":{"self":[{"href":"https:\/\/comeca.uy\/web\/wp-json\/wp\/v2\/posts\/2684","targetHints":{"allow":["GET"]}}],"collection":[{"href":"https:\/\/comeca.uy\/web\/wp-json\/wp\/v2\/posts"}],"about":[{"href":"https:\/\/comeca.uy\/web\/wp-json\/wp\/v2\/types\/post"}],"author":[{"embeddable":true,"href":"https:\/\/comeca.uy\/web\/wp-json\/wp\/v2\/users\/1"}],"replies":[{"embeddable":true,"href":"https:\/\/comeca.uy\/web\/wp-json\/wp\/v2\/comments?post=2684"}],"version-history":[{"count":0,"href":"https:\/\/comeca.uy\/web\/wp-json\/wp\/v2\/posts\/2684\/revisions"}],"wp:featuredmedia":[{"embeddable":true,"href":"https:\/\/comeca.uy\/web\/wp-json\/"}],"wp:attachment":[{"href":"https:\/\/comeca.uy\/web\/wp-json\/wp\/v2\/media?parent=2684"}],"wp:term":[{"taxonomy":"category","embeddable":true,"href":"https:\/\/comeca.uy\/web\/wp-json\/wp\/v2\/categories?post=2684"},{"taxonomy":"post_tag","embeddable":true,"href":"https:\/\/comeca.uy\/web\/wp-json\/wp\/v2\/tags?post=2684"}],"curies":[{"name":"wp","href":"https:\/\/api.w.org\/{rel}","templated":true}]}}