{"id":2681,"date":"2022-10-11T16:10:22","date_gmt":"2022-10-11T19:10:22","guid":{"rendered":"https:\/\/comeca.uy\/?p=2681"},"modified":"2022-10-11T16:10:22","modified_gmt":"2022-10-11T19:10:22","slug":"se-llama-a-aspirantes-para-licenciado-en-oftalmologia","status":"publish","type":"post","link":"https:\/\/comeca.uy\/web\/se-llama-a-aspirantes-para-licenciado-en-oftalmologia\/","title":{"rendered":"Se llama a aspirantes para Licenciado en Oftalmolog\u00eda"},"content":{"rendered":"\n<figure class=\"wp-block-image size-large\"><img decoding=\"async\" src=\"https:\/\/comeca.uy\/wp-content\/uploads\/2022\/10\/WhatsApp-Image-2022-10-11-at-11.24.31-AM-1024x1024.jpeg\" alt=\"\" class=\"wp-image-2682\"\/><\/figure>\n\n\n\n<p>LICENCIADO EN OFTALMOLOG\u00cdA<br>Se llama a aspirantes para configurar lista de suplentes<\/p>\n\n\n\n<p>REQUISITOS EXCLUYENTES<br>T\u00edtulo de Licenciado en Oftalmolog\u00eda, expedido por la Escuela Universitaria de Tecnolog\u00eda M\u00e9dica, de la Facultad de Medicina de la UDELAR o Universidad Privada (Habilitado por el MSP), o estudiante de 4o a\u00f1o de la mencionada Licenciatura.<\/p>\n\n\n\n<p>Disponibilidad horaria<\/p>\n\n\n\n<p>SE VALORAR\u00c1<br>Formaci\u00f3n complementaria af\u00edn a las particularidades del cargo<br>Experiencia laboral en tareas de similar porte<br>Capacitaci\u00f3n para la realizaci\u00f3n de instrumentaciones en cirug\u00edas de oftalmolog\u00eda.<\/p>\n\n\n\n<p>PLAZO DE PRESENTACI\u00d3N:<br>-Los interesados deber\u00e1n presentar su Curr\u00edculum en el Dpto. de RRHH (Batlle y Ordo\u00f1ez 136, 2o piso) en el horario de 10 a 17 horas o remitirlo por mail a: llamados@comeca.com.uy<br>-Es imprescindible adjuntar la documentaci\u00f3n correspondiente que acredite la formaci\u00f3n y experiencia especificada.<br>-La recepci\u00f3n de solicitudes es hasta el 12 de Noviembre de 2022.<\/p>\n","protected":false},"excerpt":{"rendered":"<p>LICENCIADO EN OFTALMOLOG\u00cdASe llama a aspirantes para configurar lista de suplentes REQUISITOS EXCLUYENTEST\u00edtulo de Licenciado en Oftalmolog\u00eda, expedido por la Escuela Universitaria de Tecnolog\u00eda M\u00e9dica, de la Facultad de Medicina de la UDELAR o Universidad Privada (Habilitado por el MSP), o estudiante de 4o a\u00f1o de la mencionada Licenciatura. Disponibilidad horaria SE VALORAR\u00c1Formaci\u00f3n complementaria af\u00edn [&hellip;]<\/p>\n","protected":false},"author":1,"featured_media":2682,"comment_status":"closed","ping_status":"closed","sticky":false,"template":"","format":"standard","meta":{"footnotes":""},"categories":[43,50],"tags":[],"class_list":["post-2681","post","type-post","status-publish","format-standard","has-post-thumbnail","hentry","category-llamados","category-noticias-2022"],"_links":{"self":[{"href":"https:\/\/comeca.uy\/web\/wp-json\/wp\/v2\/posts\/2681","targetHints":{"allow":["GET"]}}],"collection":[{"href":"https:\/\/comeca.uy\/web\/wp-json\/wp\/v2\/posts"}],"about":[{"href":"https:\/\/comeca.uy\/web\/wp-json\/wp\/v2\/types\/post"}],"author":[{"embeddable":true,"href":"https:\/\/comeca.uy\/web\/wp-json\/wp\/v2\/users\/1"}],"replies":[{"embeddable":true,"href":"https:\/\/comeca.uy\/web\/wp-json\/wp\/v2\/comments?post=2681"}],"version-history":[{"count":0,"href":"https:\/\/comeca.uy\/web\/wp-json\/wp\/v2\/posts\/2681\/revisions"}],"wp:featuredmedia":[{"embeddable":true,"href":"https:\/\/comeca.uy\/web\/wp-json\/"}],"wp:attachment":[{"href":"https:\/\/comeca.uy\/web\/wp-json\/wp\/v2\/media?parent=2681"}],"wp:term":[{"taxonomy":"category","embeddable":true,"href":"https:\/\/comeca.uy\/web\/wp-json\/wp\/v2\/categories?post=2681"},{"taxonomy":"post_tag","embeddable":true,"href":"https:\/\/comeca.uy\/web\/wp-json\/wp\/v2\/tags?post=2681"}],"curies":[{"name":"wp","href":"https:\/\/api.w.org\/{rel}","templated":true}]}}