{"id":2613,"date":"2022-08-05T13:22:27","date_gmt":"2022-08-05T16:22:27","guid":{"rendered":"https:\/\/comeca.uy\/?p=2613"},"modified":"2022-08-05T13:22:27","modified_gmt":"2022-08-05T16:22:27","slug":"se-llama-a-aspirantes-para-configurar-lista-de-suplentes-de-licenciado-en-oftalmologia","status":"publish","type":"post","link":"https:\/\/comeca.uy\/web\/se-llama-a-aspirantes-para-configurar-lista-de-suplentes-de-licenciado-en-oftalmologia\/","title":{"rendered":"Se llama a aspirantes para configurar lista de suplentes de LICENCIADO EN OFTALMOLOG\u00cdA"},"content":{"rendered":"\n<figure class=\"wp-block-image size-large\"><img decoding=\"async\" src=\"https:\/\/comeca.uy\/wp-content\/uploads\/2022\/08\/WhatsApp-Image-2022-08-05-at-11.37.18-AM-1024x1024.jpeg\" alt=\"\" class=\"wp-image-2614\"\/><\/figure>\n\n\n\n<p>Se llama a aspirantes para configurar lista de suplentes de LICENCIADO EN OFTALMOLOG\u00cdA<\/p>\n\n\n\n<p>REQUISITOS EXCLUYENTES<br>T\u00edtulo de Licenciado en Oftalmolog\u00eda expedido por la Escuela Universitaria de la Facultad de Medicina o Universidad Privada.<\/p>\n\n\n\n<p>SE VALORAR\u00c1<br>Formaci\u00f3n complementaria af\u00edn a las particularidades del cargo<br>Experiencia laboral en tareas de similar porte<br>Capacitaci\u00f3n para la realizaci\u00f3n de instrumentaciones en cirug\u00edas de oftalmolog\u00eda.<\/p>\n\n\n\n<p>PLAZO DE PRESENTACI\u00d3N:<br>Los interesados deber\u00e1n presentar su Curr\u00edculum en el Dpto. de RRHH (Batlle y Ordo\u00f1ez 136, 2\u00ba piso) en el horario de 10 a 17 horas o remitirlo por mail a: llamados@comeca.com.uy<\/p>\n\n\n\n<p>Es imprescindible adjuntar la documentaci\u00f3n correspondiente que acredite la formaci\u00f3n y experiencia especificada.<\/p>\n\n\n\n<p>La recepci\u00f3n de solicitudes es hasta el 31 de agosto de 2022.<\/p>\n","protected":false},"excerpt":{"rendered":"<p>Se llama a aspirantes para configurar lista de suplentes de LICENCIADO EN OFTALMOLOG\u00cdA REQUISITOS EXCLUYENTEST\u00edtulo de Licenciado en Oftalmolog\u00eda expedido por la Escuela Universitaria de la Facultad de Medicina o Universidad Privada. SE VALORAR\u00c1Formaci\u00f3n complementaria af\u00edn a las particularidades del cargoExperiencia laboral en tareas de similar porteCapacitaci\u00f3n para la realizaci\u00f3n de instrumentaciones en cirug\u00edas de [&hellip;]<\/p>\n","protected":false},"author":1,"featured_media":2614,"comment_status":"closed","ping_status":"closed","sticky":false,"template":"","format":"standard","meta":{"footnotes":""},"categories":[43,50],"tags":[108,117,125,131],"class_list":["post-2613","post","type-post","status-publish","format-standard","has-post-thumbnail","hentry","category-llamados","category-noticias-2022","tag-medicina-2","tag-oportunidadlaboral","tag-salud","tag-trabajo"],"_links":{"self":[{"href":"https:\/\/comeca.uy\/web\/wp-json\/wp\/v2\/posts\/2613","targetHints":{"allow":["GET"]}}],"collection":[{"href":"https:\/\/comeca.uy\/web\/wp-json\/wp\/v2\/posts"}],"about":[{"href":"https:\/\/comeca.uy\/web\/wp-json\/wp\/v2\/types\/post"}],"author":[{"embeddable":true,"href":"https:\/\/comeca.uy\/web\/wp-json\/wp\/v2\/users\/1"}],"replies":[{"embeddable":true,"href":"https:\/\/comeca.uy\/web\/wp-json\/wp\/v2\/comments?post=2613"}],"version-history":[{"count":0,"href":"https:\/\/comeca.uy\/web\/wp-json\/wp\/v2\/posts\/2613\/revisions"}],"wp:featuredmedia":[{"embeddable":true,"href":"https:\/\/comeca.uy\/web\/wp-json\/"}],"wp:attachment":[{"href":"https:\/\/comeca.uy\/web\/wp-json\/wp\/v2\/media?parent=2613"}],"wp:term":[{"taxonomy":"category","embeddable":true,"href":"https:\/\/comeca.uy\/web\/wp-json\/wp\/v2\/categories?post=2613"},{"taxonomy":"post_tag","embeddable":true,"href":"https:\/\/comeca.uy\/web\/wp-json\/wp\/v2\/tags?post=2613"}],"curies":[{"name":"wp","href":"https:\/\/api.w.org\/{rel}","templated":true}]}}