{"id":2606,"date":"2022-08-02T19:55:18","date_gmt":"2022-08-02T22:55:18","guid":{"rendered":"https:\/\/comeca.uy\/?p=2606"},"modified":"2025-04-04T17:07:12","modified_gmt":"2025-04-04T17:07:12","slug":"1-al-7-de-agosto-semana-mundial-de-la-lactancia-materna-4","status":"publish","type":"post","link":"https:\/\/comeca.uy\/web\/1-al-7-de-agosto-semana-mundial-de-la-lactancia-materna-4\/","title":{"rendered":"1 al 7 de Agosto, Semana Mundial de la Lactancia Materna"},"content":{"rendered":"\n<figure class=\"wp-block-video\"><video controls src=\"https:\/\/comeca.uy\/videos\/Lactancia\/22-07-22%20LACTANCIA%20COMECA%202.mp4\"><\/video><\/figure>\n\n\n\n<p>Si pens\u00e1s ir a ver a un reci\u00e9n nacido, program\u00e1 la visita previamente. Que la misma sea breve. No pidas uparlo si no sale de la madre ofrec\u00e9rtelo. Record\u00e1 posponer la visita si est\u00e1s enfermo o tienes s\u00edntomas de enfermedad.<br>1 al 7 de Agosto, Semana Mundial de la Lactancia Materna.<br><\/p>\n\n\n\n<p><\/p>\n","protected":false},"excerpt":{"rendered":"<p>Si pens\u00e1s ir a ver a un reci\u00e9n nacido, program\u00e1 la visita previamente. Que la misma sea breve. No pidas uparlo si no sale de la madre ofrec\u00e9rtelo. Record\u00e1 posponer la visita si est\u00e1s enfermo o tienes s\u00edntomas de enfermedad.1 al 7 de Agosto, Semana Mundial de la Lactancia Materna.<\/p>\n","protected":false},"author":1,"featured_media":2603,"comment_status":"closed","ping_status":"closed","sticky":false,"template":"","format":"standard","meta":{"footnotes":""},"categories":[53,50],"tags":[74,106,121,125],"class_list":["post-2606","post","type-post","status-publish","format-standard","has-post-thumbnail","hentry","category-noticias","category-noticias-2022","tag-medicina","tag-lactancia","tag-prevencion","tag-salud"],"_links":{"self":[{"href":"https:\/\/comeca.uy\/web\/wp-json\/wp\/v2\/posts\/2606","targetHints":{"allow":["GET"]}}],"collection":[{"href":"https:\/\/comeca.uy\/web\/wp-json\/wp\/v2\/posts"}],"about":[{"href":"https:\/\/comeca.uy\/web\/wp-json\/wp\/v2\/types\/post"}],"author":[{"embeddable":true,"href":"https:\/\/comeca.uy\/web\/wp-json\/wp\/v2\/users\/1"}],"replies":[{"embeddable":true,"href":"https:\/\/comeca.uy\/web\/wp-json\/wp\/v2\/comments?post=2606"}],"version-history":[{"count":1,"href":"https:\/\/comeca.uy\/web\/wp-json\/wp\/v2\/posts\/2606\/revisions"}],"predecessor-version":[{"id":3539,"href":"https:\/\/comeca.uy\/web\/wp-json\/wp\/v2\/posts\/2606\/revisions\/3539"}],"wp:featuredmedia":[{"embeddable":true,"href":"https:\/\/comeca.uy\/web\/wp-json\/"}],"wp:attachment":[{"href":"https:\/\/comeca.uy\/web\/wp-json\/wp\/v2\/media?parent=2606"}],"wp:term":[{"taxonomy":"category","embeddable":true,"href":"https:\/\/comeca.uy\/web\/wp-json\/wp\/v2\/categories?post=2606"},{"taxonomy":"post_tag","embeddable":true,"href":"https:\/\/comeca.uy\/web\/wp-json\/wp\/v2\/tags?post=2606"}],"curies":[{"name":"wp","href":"https:\/\/api.w.org\/{rel}","templated":true}]}}