{"id":2566,"date":"2022-06-13T14:02:34","date_gmt":"2022-06-13T17:02:34","guid":{"rendered":"https:\/\/comeca.uy\/?p=2566"},"modified":"2022-06-13T14:02:34","modified_gmt":"2022-06-13T17:02:34","slug":"uso-obligatorio-de-tapabocas","status":"publish","type":"post","link":"https:\/\/comeca.uy\/web\/uso-obligatorio-de-tapabocas\/","title":{"rendered":"Uso obligatorio de tapabocas"},"content":{"rendered":"\n<figure class=\"wp-block-image size-large\"><img decoding=\"async\" src=\"https:\/\/comeca.uy\/wp-content\/uploads\/2022\/06\/WhatsApp-Image-2022-06-10-at-10.44.01-AM-1-1-1024x1024.jpeg\" alt=\"\" class=\"wp-image-2568\"\/><\/figure>\n\n\n\n<p>El Ministerio de Salud P\u00fablica estableci\u00f3 que dentro de las instituciones de salud el uso de tapabocas sea obligatorio, tanto en el personal de la salud como en todo usuario o acompa\u00f1ante que ingrese o permanezca a las mismas, incluidos los proveedores.<\/p>\n\n\n\n<p>La sostenida transmisi\u00f3n comunitaria del coronavirus, ha generado un aumento de casos de COVID-19 en las \u00faltimas semanas, los que se suman a las infecciones por otros agentes virales propios de la estaci\u00f3n, haciendo por tanto necesaria la toma de medidas para disminuir la transmisibilidad.<\/p>\n","protected":false},"excerpt":{"rendered":"<p>El Ministerio de Salud P\u00fablica estableci\u00f3 que dentro de las instituciones de salud el uso de tapabocas sea obligatorio, tanto en el personal de la salud como en todo usuario o acompa\u00f1ante que ingrese o permanezca a las mismas, incluidos los proveedores. La sostenida transmisi\u00f3n comunitaria del coronavirus, ha generado un aumento de casos de [&hellip;]<\/p>\n","protected":false},"author":1,"featured_media":2567,"comment_status":"closed","ping_status":"closed","sticky":false,"template":"","format":"standard","meta":{"footnotes":""},"categories":[50],"tags":[108,122,125],"class_list":["post-2566","post","type-post","status-publish","format-standard","has-post-thumbnail","hentry","category-noticias-2022","tag-medicina-2","tag-prevencion-2","tag-salud"],"_links":{"self":[{"href":"https:\/\/comeca.uy\/web\/wp-json\/wp\/v2\/posts\/2566","targetHints":{"allow":["GET"]}}],"collection":[{"href":"https:\/\/comeca.uy\/web\/wp-json\/wp\/v2\/posts"}],"about":[{"href":"https:\/\/comeca.uy\/web\/wp-json\/wp\/v2\/types\/post"}],"author":[{"embeddable":true,"href":"https:\/\/comeca.uy\/web\/wp-json\/wp\/v2\/users\/1"}],"replies":[{"embeddable":true,"href":"https:\/\/comeca.uy\/web\/wp-json\/wp\/v2\/comments?post=2566"}],"version-history":[{"count":0,"href":"https:\/\/comeca.uy\/web\/wp-json\/wp\/v2\/posts\/2566\/revisions"}],"wp:featuredmedia":[{"embeddable":true,"href":"https:\/\/comeca.uy\/web\/wp-json\/"}],"wp:attachment":[{"href":"https:\/\/comeca.uy\/web\/wp-json\/wp\/v2\/media?parent=2566"}],"wp:term":[{"taxonomy":"category","embeddable":true,"href":"https:\/\/comeca.uy\/web\/wp-json\/wp\/v2\/categories?post=2566"},{"taxonomy":"post_tag","embeddable":true,"href":"https:\/\/comeca.uy\/web\/wp-json\/wp\/v2\/tags?post=2566"}],"curies":[{"name":"wp","href":"https:\/\/api.w.org\/{rel}","templated":true}]}}