{"id":2493,"date":"2022-05-06T10:44:19","date_gmt":"2022-05-06T13:44:19","guid":{"rendered":"https:\/\/comeca.uy\/?p=2493"},"modified":"2022-05-06T10:44:19","modified_gmt":"2022-05-06T13:44:19","slug":"acto-con-motivo-de-los-44-anos-de-comeca","status":"publish","type":"post","link":"https:\/\/comeca.uy\/web\/acto-con-motivo-de-los-44-anos-de-comeca\/","title":{"rendered":"Acto con motivo de los 44 a\u00f1os de COMECA"},"content":{"rendered":"\n<p>Al celebrarse este 5 de mayo el aniversario n\u00famero 44 de la creaci\u00f3n de COMECA, las autoridades de la mayor instituci\u00f3n privada de asistencia m\u00e9dica colectiva de la zona noroeste del departamento de Canelones, realizaron un reconocimiento a los integrantes del equipo humano con 30 o m\u00e1s a\u00f1os de trayectoria.<\/p>\n\n\n\n<p>La jornada sirvi\u00f3 para reafirmar el compromiso institucional con la apuesta a la mejora de la calidad de vida de nuestra comunidad, donde incesantemente se ha crecido y se ha desarrollado una estructura asistencial que ha construido y reformado la base edilicia<br>para incorporar permanentemente la m\u00e1s alta tecnolog\u00eda, que representan m\u00e1s y mejores servicios para los usuarios.<\/p>\n\n\n\n<p>Usuarios que no han parado de crecer desde aquel entonces y que demandan as\u00ed<br>el crecimiento del equipo humano que hace posible que aquella iniciativa de hace 44 a\u00f1os<br>sea esta pujante realidad.<\/p>\n\n\n\n<p>Un equipo de m\u00e1s de 1.200 personas, \u201ctodas distintas, pero todas iguales\u201d tal como se manifest\u00f3 en el acto, en el que se especific\u00f3 que esa igualdad se debe a la misi\u00f3n com\u00fan que poseen, una misi\u00f3n que trasciende el tiempo de trabajo en la instituci\u00f3n y que hace que en todo momento, todos los funcionarios sean COMECA.<\/p>\n\n\n","protected":false},"excerpt":{"rendered":"<p>Al celebrarse este 5 de mayo el aniversario n\u00famero 44 de la creaci\u00f3n de COMECA, las autoridades de la mayor instituci\u00f3n privada de asistencia m\u00e9dica colectiva de la zona noroeste del departamento de Canelones, realizaron un reconocimiento a los integrantes del equipo humano con 30 o m\u00e1s a\u00f1os de trayectoria. La jornada sirvi\u00f3 para reafirmar [&hellip;]<\/p>\n","protected":false},"author":1,"featured_media":2494,"comment_status":"closed","ping_status":"closed","sticky":false,"template":"","format":"standard","meta":{"footnotes":""},"categories":[50],"tags":[],"class_list":["post-2493","post","type-post","status-publish","format-standard","has-post-thumbnail","hentry","category-noticias-2022"],"_links":{"self":[{"href":"https:\/\/comeca.uy\/web\/wp-json\/wp\/v2\/posts\/2493","targetHints":{"allow":["GET"]}}],"collection":[{"href":"https:\/\/comeca.uy\/web\/wp-json\/wp\/v2\/posts"}],"about":[{"href":"https:\/\/comeca.uy\/web\/wp-json\/wp\/v2\/types\/post"}],"author":[{"embeddable":true,"href":"https:\/\/comeca.uy\/web\/wp-json\/wp\/v2\/users\/1"}],"replies":[{"embeddable":true,"href":"https:\/\/comeca.uy\/web\/wp-json\/wp\/v2\/comments?post=2493"}],"version-history":[{"count":0,"href":"https:\/\/comeca.uy\/web\/wp-json\/wp\/v2\/posts\/2493\/revisions"}],"wp:featuredmedia":[{"embeddable":true,"href":"https:\/\/comeca.uy\/web\/wp-json\/"}],"wp:attachment":[{"href":"https:\/\/comeca.uy\/web\/wp-json\/wp\/v2\/media?parent=2493"}],"wp:term":[{"taxonomy":"category","embeddable":true,"href":"https:\/\/comeca.uy\/web\/wp-json\/wp\/v2\/categories?post=2493"},{"taxonomy":"post_tag","embeddable":true,"href":"https:\/\/comeca.uy\/web\/wp-json\/wp\/v2\/tags?post=2493"}],"curies":[{"name":"wp","href":"https:\/\/api.w.org\/{rel}","templated":true}]}}