{"id":2469,"date":"2022-04-22T09:03:09","date_gmt":"2022-04-22T12:03:09","guid":{"rendered":"https:\/\/comeca.uy\/?p=2469"},"modified":"2022-04-22T09:03:09","modified_gmt":"2022-04-22T12:03:09","slug":"detengamos-la-violencia","status":"publish","type":"post","link":"https:\/\/comeca.uy\/web\/detengamos-la-violencia\/","title":{"rendered":"Detengamos la Violencia"},"content":{"rendered":"\n<p>Juntos, detengamos la violencia<\/p>\n\n\n\n<p>Nuestro Equipo de Referencia en Violencia Basada en G\u00e9nero y Generaciones, te orientar\u00e1 y responder\u00e1 a todas tus dudas, con policl\u00ednicas de asistencia familiar para adultos y talleres de apoyo a la mujer en la ciudad de Canelones. Y con policl\u00ednicas de asistencia familiar en Santa Luc\u00eda tanto adultos, como para ni\u00f1as, ni\u00f1os y adolescentes.<\/p>\n\n\n\n<p>Cont\u00e1ctate con nosotros por el 4332 2250<br>interno 1 de 07:00 a 20:00 horas<br>interno 2500 de 20:00 a 07:00 horas.<\/p>\n\n\n\n<p>Las consultas no tienen costo<\/p>\n\n\n\n<p class=\"has-medium-font-size\"><\/p>\n\n\n\n<figure class=\"wp-block-video aligncenter\"><video controls src=\"https:\/\/comeca.uy\/videos\/22-03-25%20VIOLENCIA%20COMECA.mp4\"><\/video><figcaption>VER VIDEO<\/figcaption><\/figure>\n\n\n\n<figure class=\"wp-block-image size-large\"><img decoding=\"async\" src=\"https:\/\/comeca.uy\/wp-content\/uploads\/2022\/04\/sau_50402-1024x1024.jpeg\" alt=\"\" class=\"wp-image-2472\"\/><\/figure>\n","protected":false},"excerpt":{"rendered":"<p>Juntos, detengamos la violencia Nuestro Equipo de Referencia en Violencia Basada en G\u00e9nero y Generaciones, te orientar\u00e1 y responder\u00e1 a todas tus dudas, con policl\u00ednicas de asistencia familiar para adultos y talleres de apoyo a la mujer en la ciudad de Canelones. Y con policl\u00ednicas de asistencia familiar en Santa Luc\u00eda tanto adultos, como para [&hellip;]<\/p>\n","protected":false},"author":1,"featured_media":2473,"comment_status":"closed","ping_status":"closed","sticky":false,"template":"","format":"standard","meta":{"footnotes":""},"categories":[50],"tags":[74,86,89],"class_list":["post-2469","post","type-post","status-publish","format-standard","has-post-thumbnail","hentry","category-noticias-2022","tag-medicina","tag-salud-2","tag-violenciadomestica"],"_links":{"self":[{"href":"https:\/\/comeca.uy\/web\/wp-json\/wp\/v2\/posts\/2469","targetHints":{"allow":["GET"]}}],"collection":[{"href":"https:\/\/comeca.uy\/web\/wp-json\/wp\/v2\/posts"}],"about":[{"href":"https:\/\/comeca.uy\/web\/wp-json\/wp\/v2\/types\/post"}],"author":[{"embeddable":true,"href":"https:\/\/comeca.uy\/web\/wp-json\/wp\/v2\/users\/1"}],"replies":[{"embeddable":true,"href":"https:\/\/comeca.uy\/web\/wp-json\/wp\/v2\/comments?post=2469"}],"version-history":[{"count":0,"href":"https:\/\/comeca.uy\/web\/wp-json\/wp\/v2\/posts\/2469\/revisions"}],"wp:featuredmedia":[{"embeddable":true,"href":"https:\/\/comeca.uy\/web\/wp-json\/"}],"wp:attachment":[{"href":"https:\/\/comeca.uy\/web\/wp-json\/wp\/v2\/media?parent=2469"}],"wp:term":[{"taxonomy":"category","embeddable":true,"href":"https:\/\/comeca.uy\/web\/wp-json\/wp\/v2\/categories?post=2469"},{"taxonomy":"post_tag","embeddable":true,"href":"https:\/\/comeca.uy\/web\/wp-json\/wp\/v2\/tags?post=2469"}],"curies":[{"name":"wp","href":"https:\/\/api.w.org\/{rel}","templated":true}]}}