{"id":2400,"date":"2022-02-01T18:25:42","date_gmt":"2022-02-01T21:25:42","guid":{"rendered":"https:\/\/comeca.uy\/?p=2400"},"modified":"2022-02-01T18:25:42","modified_gmt":"2022-02-01T21:25:42","slug":"llamado-medico-oftalmologo","status":"publish","type":"post","link":"https:\/\/comeca.uy\/web\/llamado-medico-oftalmologo\/","title":{"rendered":"LLAMADO M\u00c9DICO OFTALM\u00d3LOGO"},"content":{"rendered":"\n<figure class=\"wp-block-image size-large\"><img decoding=\"async\" src=\"https:\/\/comeca.uy\/wp-content\/uploads\/2022\/02\/WhatsApp-Image-2022-02-01-at-16.40.55-1024x1024.jpeg\" alt=\"\" class=\"wp-image-2401\"\/><\/figure>\n\n\n\n<p>LLAMADO M\u00c9DICO OFTALM\u00d3LOGO<\/p>\n\n\n\n<p>Se llama a aspirantes para configurar lista de suplentes para el desempe\u00f1o de las tareas inherentes a la Especialidad.<\/p>\n\n\n\n<p>REQUISITOS EXCLUYENTES<\/p>\n\n\n\n<p>T\u00edtulo de Doctor en Medicina expedido por la Universidad de la Rep\u00fablica (UDELAR) o Instituciones Privadas habilitadas por el Ministerio de Educaci\u00f3n y Cultura. Registrado y habilitado por el M.S.P.<\/p>\n\n\n\n<p>T\u00edtulo de Especialista en Oftalmolog\u00eda expedido por la Escuela de Graduados de la UDELAR o constancia de la C\u00e1tedra correspondiente que avale el encontrarse cursando el \u00faltimo a\u00f1o del Posgrado o Residencia en la Especialidad.<\/p>\n\n\n\n<p>SE VALORAR\u00c1<\/p>\n\n\n\n<p>Formaci\u00f3n complementaria af\u00edn a las particularidades de la Especialidad.<\/p>\n\n\n\n<p>Experiencia laboral en atenci\u00f3n a pacientes en policl\u00ednica, puerta de emergencia e internaci\u00f3n.<\/p>\n\n\n\n<p>Experiencia en procedimientos quir\u00fargicos en oftalmolog\u00eda general.<\/p>\n\n\n\n<p>Disponibilidad horaria.<\/p>\n\n\n\n<p>PRESENTACI\u00d3N DE SOLICITUDES<\/p>\n\n\n\n<p>Los interesados deber\u00e1n presentar su Curr\u00edculum en el Dpto. de RRHH (Batlle y Ordo\u00f1ez 136, 2o piso) en el horario de 10 a 17 horas o remitirlo por mail a: llamados@comeca.com.uy<\/p>\n\n\n\n<p>Es imprescindible adjuntar la documentaci\u00f3n correspondiente que acredite la formaci\u00f3n y experiencia especificada. Adem\u00e1s de fotocopia de C.I. y constancia de domicilio.<\/p>\n\n\n\n<p>La recepci\u00f3n de solicitudes es hasta el 28 de febrero de 2022.<\/p>\n","protected":false},"excerpt":{"rendered":"<p>LLAMADO M\u00c9DICO OFTALM\u00d3LOGO Se llama a aspirantes para configurar lista de suplentes para el desempe\u00f1o de las tareas inherentes a la Especialidad. REQUISITOS EXCLUYENTES T\u00edtulo de Doctor en Medicina expedido por la Universidad de la Rep\u00fablica (UDELAR) o Instituciones Privadas habilitadas por el Ministerio de Educaci\u00f3n y Cultura. Registrado y habilitado por el M.S.P. T\u00edtulo [&hellip;]<\/p>\n","protected":false},"author":1,"featured_media":2401,"comment_status":"closed","ping_status":"closed","sticky":false,"template":"","format":"standard","meta":{"footnotes":""},"categories":[43,50],"tags":[108,114,117,125,131],"class_list":["post-2400","post","type-post","status-publish","format-standard","has-post-thumbnail","hentry","category-llamados","category-noticias-2022","tag-medicina-2","tag-oftalmologia","tag-oportunidadlaboral","tag-salud","tag-trabajo"],"_links":{"self":[{"href":"https:\/\/comeca.uy\/web\/wp-json\/wp\/v2\/posts\/2400","targetHints":{"allow":["GET"]}}],"collection":[{"href":"https:\/\/comeca.uy\/web\/wp-json\/wp\/v2\/posts"}],"about":[{"href":"https:\/\/comeca.uy\/web\/wp-json\/wp\/v2\/types\/post"}],"author":[{"embeddable":true,"href":"https:\/\/comeca.uy\/web\/wp-json\/wp\/v2\/users\/1"}],"replies":[{"embeddable":true,"href":"https:\/\/comeca.uy\/web\/wp-json\/wp\/v2\/comments?post=2400"}],"version-history":[{"count":0,"href":"https:\/\/comeca.uy\/web\/wp-json\/wp\/v2\/posts\/2400\/revisions"}],"wp:featuredmedia":[{"embeddable":true,"href":"https:\/\/comeca.uy\/web\/wp-json\/"}],"wp:attachment":[{"href":"https:\/\/comeca.uy\/web\/wp-json\/wp\/v2\/media?parent=2400"}],"wp:term":[{"taxonomy":"category","embeddable":true,"href":"https:\/\/comeca.uy\/web\/wp-json\/wp\/v2\/categories?post=2400"},{"taxonomy":"post_tag","embeddable":true,"href":"https:\/\/comeca.uy\/web\/wp-json\/wp\/v2\/tags?post=2400"}],"curies":[{"name":"wp","href":"https:\/\/api.w.org\/{rel}","templated":true}]}}