{"id":2368,"date":"2021-12-14T08:03:44","date_gmt":"2021-12-14T11:03:44","guid":{"rendered":"https:\/\/comeca.uy\/?p=2368"},"modified":"2021-12-14T08:03:44","modified_gmt":"2021-12-14T11:03:44","slug":"reconocimiento-sala-lactancia-comeca","status":"publish","type":"post","link":"https:\/\/comeca.uy\/web\/reconocimiento-sala-lactancia-comeca\/","title":{"rendered":"Reconocimiento Sala Lactancia COMECA"},"content":{"rendered":"\n<p>La sala de lactancia de COMECA obtuvo un reconocimiento de calidad por parte del Ministerio de Salud P\u00fablica y del Ministerio de Trabajo y Seguridad Social por lo que \u00e9sta representa como parte del compromiso asumido ante nuestras integrantes del equipo de colaboradores de la instituci\u00f3n.<br>En la sala de actos del Ministerio de Salud P\u00fablica las autoridades hicieron entrega de dicho reconocimiento a la Lic. Nut. Silvana Nu\u00f1ez, Lic. Enf. Tamara De Luca, y a la Dra Giselle Hontan &#8211; quienes concurrieron a la capital del pa\u00eds en representaci\u00f3n de la Comisi\u00f3n de Lactancia de COMECA (el que adem\u00e1s integran las Dras. Claudia Cabrera y Gabriela Perez) &#8211; y la Sra Alicia Pouso, integrante de la Comisi\u00f3n de Calidad de COMECA.<br>#medicina #salud #lactancia #reconocimiento<\/p>\n\n\n\n<figure class=\"wp-block-image size-large\"><img decoding=\"async\" src=\"https:\/\/comeca.uy\/wp-content\/uploads\/2021\/12\/265206925_1064449734402233_3524599768607052513_n-1024x1024.jpg\" alt=\"\" class=\"wp-image-2371\"\/><\/figure>\n\n\n\n<figure class=\"wp-block-image size-large\"><img decoding=\"async\" src=\"https:\/\/comeca.uy\/wp-content\/uploads\/2021\/12\/266640510_1064449784402228_1493646802710726322_n-1024x1024.jpg\" alt=\"\" class=\"wp-image-2370\"\/><\/figure>\n\n\n\n<figure class=\"wp-block-image size-large\"><img decoding=\"async\" src=\"https:\/\/comeca.uy\/wp-content\/uploads\/2021\/12\/265615258_1064449764402230_3140632500847882140_n-1024x1024.jpg\" alt=\"\" class=\"wp-image-2369\"\/><\/figure>\n","protected":false},"excerpt":{"rendered":"<p>La sala de lactancia de COMECA obtuvo un reconocimiento de calidad por parte del Ministerio de Salud P\u00fablica y del Ministerio de Trabajo y Seguridad Social por lo que \u00e9sta representa como parte del compromiso asumido ante nuestras integrantes del equipo de colaboradores de la instituci\u00f3n.En la sala de actos del Ministerio de Salud P\u00fablica [&hellip;]<\/p>\n","protected":false},"author":1,"featured_media":2370,"comment_status":"closed","ping_status":"closed","sticky":false,"template":"","format":"standard","meta":{"footnotes":""},"categories":[49],"tags":[],"class_list":["post-2368","post","type-post","status-publish","format-standard","has-post-thumbnail","hentry","category-noticias-2021"],"_links":{"self":[{"href":"https:\/\/comeca.uy\/web\/wp-json\/wp\/v2\/posts\/2368","targetHints":{"allow":["GET"]}}],"collection":[{"href":"https:\/\/comeca.uy\/web\/wp-json\/wp\/v2\/posts"}],"about":[{"href":"https:\/\/comeca.uy\/web\/wp-json\/wp\/v2\/types\/post"}],"author":[{"embeddable":true,"href":"https:\/\/comeca.uy\/web\/wp-json\/wp\/v2\/users\/1"}],"replies":[{"embeddable":true,"href":"https:\/\/comeca.uy\/web\/wp-json\/wp\/v2\/comments?post=2368"}],"version-history":[{"count":0,"href":"https:\/\/comeca.uy\/web\/wp-json\/wp\/v2\/posts\/2368\/revisions"}],"wp:featuredmedia":[{"embeddable":true,"href":"https:\/\/comeca.uy\/web\/wp-json\/"}],"wp:attachment":[{"href":"https:\/\/comeca.uy\/web\/wp-json\/wp\/v2\/media?parent=2368"}],"wp:term":[{"taxonomy":"category","embeddable":true,"href":"https:\/\/comeca.uy\/web\/wp-json\/wp\/v2\/categories?post=2368"},{"taxonomy":"post_tag","embeddable":true,"href":"https:\/\/comeca.uy\/web\/wp-json\/wp\/v2\/tags?post=2368"}],"curies":[{"name":"wp","href":"https:\/\/api.w.org\/{rel}","templated":true}]}}