{"id":2291,"date":"2021-10-29T12:59:08","date_gmt":"2021-10-29T15:59:08","guid":{"rendered":"https:\/\/comeca.uy\/?p=2291"},"modified":"2021-10-29T12:59:08","modified_gmt":"2021-10-29T15:59:08","slug":"llamado-externo-a-abogado-asistente","status":"publish","type":"post","link":"https:\/\/comeca.uy\/web\/llamado-externo-a-abogado-asistente\/","title":{"rendered":"LLAMADO EXTERNO A ABOGADO ASISTENTE"},"content":{"rendered":"\n<p>Se llama a aspirantes para integrar el Departamento Jur\u00eddico de COMECA IAMPP<br>REQUISITOS EXCLUYENTES<\/p>\n\n\n\n<p>T\u00edtulo de Doctor en Derecho o Abogado expedido por la Facultad de Derecho de la UDELAR o Instituciones Privadas habilitadas por el Ministerio de Educaci\u00f3n y Cultura.<br>T\u00edtulo registrado en la Suprema Corte de Justicia<br>Certificado de estar al d\u00eda emitido por la Caja de Profesionales Universitarios.<br>Experiencia laboral m\u00ednima de 5 a\u00f1os en materia civil y laboral debidamente acreditada.<br>Edad hasta 45 a\u00f1os (cumplidos al momento del cierre de la inscripci\u00f3n)<\/p>\n\n\n\n<p>SE VALORAR\u00c1<br>Formaci\u00f3n complementaria af\u00edn a las particularidades del cargo<br>Disponibilidad horaria (el cargo implica la concurrencia diaria a la Instituci\u00f3n por un lapso m\u00ednimo de 10 horas semanales)<br>Residir en zona de influencia de COMECA Canelones.<br>PRESENTACI\u00d3N DE SOLICITUDES<br>Los interesados deber\u00e1n presentar su Curr\u00edculum en el Dpto. de RRHH (Batlle y Ordo\u00f1ez 136, 2\u00ba piso) en el horario de 10 a 17 horas o remitirlo por mail a: seleccion@comeca.com.uy<br>Es imprescindible adjuntar la documentaci\u00f3n correspondiente que acredite la formaci\u00f3n, incluida la escolaridad y experiencia especificada. Adem\u00e1s de fotocopia de C.I. y constancia de domicilio.<\/p>\n\n\n\n<p>La recepci\u00f3n de solicitudes es hasta el 28 de noviembre de 2021.<\/p>\n\n\n\n<p>#medicina #salud #trabajo #OportunidadLaboral #abogac\u00eda<\/p>\n\n\n\n<figure class=\"wp-block-image size-large\"><img decoding=\"async\" src=\"https:\/\/comeca.uy\/wp-content\/uploads\/2021\/10\/WhatsApp-Image-2021-10-27-at-17.30.53-1024x1024.jpeg\" alt=\"\" class=\"wp-image-2292\"\/><\/figure>\n","protected":false},"excerpt":{"rendered":"<p>Se llama a aspirantes para integrar el Departamento Jur\u00eddico de COMECA IAMPPREQUISITOS EXCLUYENTES T\u00edtulo de Doctor en Derecho o Abogado expedido por la Facultad de Derecho de la UDELAR o Instituciones Privadas habilitadas por el Ministerio de Educaci\u00f3n y Cultura.T\u00edtulo registrado en la Suprema Corte de JusticiaCertificado de estar al d\u00eda emitido por la Caja [&hellip;]<\/p>\n","protected":false},"author":1,"featured_media":2292,"comment_status":"closed","ping_status":"closed","sticky":false,"template":"","format":"standard","meta":{"footnotes":""},"categories":[49],"tags":[],"class_list":["post-2291","post","type-post","status-publish","format-standard","has-post-thumbnail","hentry","category-noticias-2021"],"_links":{"self":[{"href":"https:\/\/comeca.uy\/web\/wp-json\/wp\/v2\/posts\/2291","targetHints":{"allow":["GET"]}}],"collection":[{"href":"https:\/\/comeca.uy\/web\/wp-json\/wp\/v2\/posts"}],"about":[{"href":"https:\/\/comeca.uy\/web\/wp-json\/wp\/v2\/types\/post"}],"author":[{"embeddable":true,"href":"https:\/\/comeca.uy\/web\/wp-json\/wp\/v2\/users\/1"}],"replies":[{"embeddable":true,"href":"https:\/\/comeca.uy\/web\/wp-json\/wp\/v2\/comments?post=2291"}],"version-history":[{"count":0,"href":"https:\/\/comeca.uy\/web\/wp-json\/wp\/v2\/posts\/2291\/revisions"}],"wp:featuredmedia":[{"embeddable":true,"href":"https:\/\/comeca.uy\/web\/wp-json\/wp\/v2\/pages\/2292"}],"wp:attachment":[{"href":"https:\/\/comeca.uy\/web\/wp-json\/wp\/v2\/media?parent=2291"}],"wp:term":[{"taxonomy":"category","embeddable":true,"href":"https:\/\/comeca.uy\/web\/wp-json\/wp\/v2\/categories?post=2291"},{"taxonomy":"post_tag","embeddable":true,"href":"https:\/\/comeca.uy\/web\/wp-json\/wp\/v2\/tags?post=2291"}],"curies":[{"name":"wp","href":"https:\/\/api.w.org\/{rel}","templated":true}]}}