{"id":2288,"date":"2021-10-29T12:55:47","date_gmt":"2021-10-29T15:55:47","guid":{"rendered":"https:\/\/comeca.uy\/?p=2288"},"modified":"2021-10-29T12:55:47","modified_gmt":"2021-10-29T15:55:47","slug":"apertura-de-llamado-externo-a-licenciado-en-oftalmologia","status":"publish","type":"post","link":"https:\/\/comeca.uy\/web\/apertura-de-llamado-externo-a-licenciado-en-oftalmologia\/","title":{"rendered":"APERTURA DE LLAMADO EXTERNO A LICENCIADO EN OFTALMOLOG\u00cdA"},"content":{"rendered":"\n<p>Se llama a aspirantes para configurar lista de suplentes<\/p>\n\n\n\n<p>REQUISITOS EXCLUYENTES<br>T\u00edtulo de T\u00e9cnico o Licenciado en Oftalmolog\u00eda expedido por la Escuela Universitaria de la<br>Facultad de Medicina o Universidad Privada.<\/p>\n\n\n\n<p>SE VALORAR\u00c1<br>Formaci\u00f3n complementaria af\u00edn a las particularidades del cargo<br>Experiencia laboral en tareas de similar porte<br>Capacitaci\u00f3n para la realizaci\u00f3n de instrumentaciones en cirug\u00edas de oftalmolog\u00eda.<\/p>\n\n\n\n<p>PLAZO DE PRESENTACI\u00d3N:<br>Los interesados deber\u00e1n presentar su Curr\u00edculum en el Dpto. de RRHH (Batlle y Ordo\u00f1ez 136, 2o piso) en el horario de 10 a 17 horas o remitirlo por mail a: llamados@comeca.com.uy<br>Es imprescindible adjuntar la documentaci\u00f3n correspondiente que acredite la formaci\u00f3n y experiencia especificada.<\/p>\n\n\n\n<p>La recepci\u00f3n de solicitudes es hasta el 28 de noviembre de 2021<\/p>\n\n\n\n<p>#medicina #salud #trabajo #OportunidadLaboral #oftalmolog\u00eda<\/p>\n\n\n\n<figure class=\"wp-block-image size-large\"><img decoding=\"async\" src=\"https:\/\/comeca.uy\/wp-content\/uploads\/2021\/10\/WhatsApp-Image-2021-10-28-at-09.28.51-1024x1024.jpeg\" alt=\"\" class=\"wp-image-2289\"\/><\/figure>\n","protected":false},"excerpt":{"rendered":"<p>Se llama a aspirantes para configurar lista de suplentes REQUISITOS EXCLUYENTEST\u00edtulo de T\u00e9cnico o Licenciado en Oftalmolog\u00eda expedido por la Escuela Universitaria de laFacultad de Medicina o Universidad Privada. SE VALORAR\u00c1Formaci\u00f3n complementaria af\u00edn a las particularidades del cargoExperiencia laboral en tareas de similar porteCapacitaci\u00f3n para la realizaci\u00f3n de instrumentaciones en cirug\u00edas de oftalmolog\u00eda. PLAZO DE [&hellip;]<\/p>\n","protected":false},"author":1,"featured_media":2289,"comment_status":"closed","ping_status":"closed","sticky":false,"template":"","format":"standard","meta":{"footnotes":""},"categories":[49],"tags":[],"class_list":["post-2288","post","type-post","status-publish","format-standard","has-post-thumbnail","hentry","category-noticias-2021"],"_links":{"self":[{"href":"https:\/\/comeca.uy\/web\/wp-json\/wp\/v2\/posts\/2288","targetHints":{"allow":["GET"]}}],"collection":[{"href":"https:\/\/comeca.uy\/web\/wp-json\/wp\/v2\/posts"}],"about":[{"href":"https:\/\/comeca.uy\/web\/wp-json\/wp\/v2\/types\/post"}],"author":[{"embeddable":true,"href":"https:\/\/comeca.uy\/web\/wp-json\/wp\/v2\/users\/1"}],"replies":[{"embeddable":true,"href":"https:\/\/comeca.uy\/web\/wp-json\/wp\/v2\/comments?post=2288"}],"version-history":[{"count":0,"href":"https:\/\/comeca.uy\/web\/wp-json\/wp\/v2\/posts\/2288\/revisions"}],"wp:featuredmedia":[{"embeddable":true,"href":"https:\/\/comeca.uy\/web\/wp-json\/"}],"wp:attachment":[{"href":"https:\/\/comeca.uy\/web\/wp-json\/wp\/v2\/media?parent=2288"}],"wp:term":[{"taxonomy":"category","embeddable":true,"href":"https:\/\/comeca.uy\/web\/wp-json\/wp\/v2\/categories?post=2288"},{"taxonomy":"post_tag","embeddable":true,"href":"https:\/\/comeca.uy\/web\/wp-json\/wp\/v2\/tags?post=2288"}],"curies":[{"name":"wp","href":"https:\/\/api.w.org\/{rel}","templated":true}]}}