{"id":2282,"date":"2021-10-20T11:57:36","date_gmt":"2021-10-20T14:57:36","guid":{"rendered":"https:\/\/comeca.uy\/?p=2282"},"modified":"2021-10-20T11:57:36","modified_gmt":"2021-10-20T14:57:36","slug":"19-de-octubre-dia-mundial-de-lucha-contra-el-cancer-de-mama","status":"publish","type":"post","link":"https:\/\/comeca.uy\/web\/19-de-octubre-dia-mundial-de-lucha-contra-el-cancer-de-mama\/","title":{"rendered":"19 de Octubre Dia mundial de lucha contra el c\u00e1ncer de mama"},"content":{"rendered":"\n<p>Para asegurar el mejor proceso asistencial creamos la Unidad Mamaria de COMECA, un servicio m\u00e1s compacto y resolutivo, que a trav\u00e9s de un equipo transdisciplinario unifica pautas diagn\u00f3sticas, terap\u00e9uticas, de seguimiento, y de evaluaci\u00f3n, en pacientes con lesiones mamarias sospechosas o neopl\u00e1sicas.<\/p>\n\n\n\n<p>Por tratarse de una unidad transdisciplinaria, nos proyectamos como generadores de conocimiento, y l\u00edderes de proyectos de investigaci\u00f3n que se extiendan a la comunidad.<\/p>\n\n\n\n<p><\/p>\n\n\n\n<figure class=\"wp-block-video\"><video controls src=\"https:\/\/comeca.uy\/videos\/21-10-10%20UNIDAD%20MAMARIA%20LARGO.mp4\"><\/video><\/figure>\n","protected":false},"excerpt":{"rendered":"<p>Para asegurar el mejor proceso asistencial creamos la Unidad Mamaria de COMECA, un servicio m\u00e1s compacto y resolutivo, que a trav\u00e9s de un equipo transdisciplinario unifica pautas diagn\u00f3sticas, terap\u00e9uticas, de seguimiento, y de evaluaci\u00f3n, en pacientes con lesiones mamarias sospechosas o neopl\u00e1sicas. Por tratarse de una unidad transdisciplinaria, nos proyectamos como generadores de conocimiento, y [&hellip;]<\/p>\n","protected":false},"author":1,"featured_media":2283,"comment_status":"closed","ping_status":"closed","sticky":false,"template":"","format":"standard","meta":{"footnotes":""},"categories":[49],"tags":[61,74,86],"class_list":["post-2282","post","type-post","status-publish","format-standard","has-post-thumbnail","hentry","category-noticias-2021","tag-cancerdemama","tag-medicina","tag-salud-2"],"_links":{"self":[{"href":"https:\/\/comeca.uy\/web\/wp-json\/wp\/v2\/posts\/2282","targetHints":{"allow":["GET"]}}],"collection":[{"href":"https:\/\/comeca.uy\/web\/wp-json\/wp\/v2\/posts"}],"about":[{"href":"https:\/\/comeca.uy\/web\/wp-json\/wp\/v2\/types\/post"}],"author":[{"embeddable":true,"href":"https:\/\/comeca.uy\/web\/wp-json\/wp\/v2\/users\/1"}],"replies":[{"embeddable":true,"href":"https:\/\/comeca.uy\/web\/wp-json\/wp\/v2\/comments?post=2282"}],"version-history":[{"count":0,"href":"https:\/\/comeca.uy\/web\/wp-json\/wp\/v2\/posts\/2282\/revisions"}],"wp:featuredmedia":[{"embeddable":true,"href":"https:\/\/comeca.uy\/web\/wp-json\/"}],"wp:attachment":[{"href":"https:\/\/comeca.uy\/web\/wp-json\/wp\/v2\/media?parent=2282"}],"wp:term":[{"taxonomy":"category","embeddable":true,"href":"https:\/\/comeca.uy\/web\/wp-json\/wp\/v2\/categories?post=2282"},{"taxonomy":"post_tag","embeddable":true,"href":"https:\/\/comeca.uy\/web\/wp-json\/wp\/v2\/tags?post=2282"}],"curies":[{"name":"wp","href":"https:\/\/api.w.org\/{rel}","templated":true}]}}