{"id":2271,"date":"2021-10-19T16:59:16","date_gmt":"2021-10-19T19:59:16","guid":{"rendered":"https:\/\/comeca.uy\/?p=2271"},"modified":"2021-10-19T16:59:16","modified_gmt":"2021-10-19T19:59:16","slug":"2271-2","status":"publish","type":"post","link":"https:\/\/comeca.uy\/web\/2271-2\/","title":{"rendered":"16 de Octubre D\u00eda Mundial de la Alimentaci\u00f3n"},"content":{"rendered":"\n<p>Este s\u00e1bado 16 de octubre, D\u00eda Mundial de la Alimentaci\u00f3n, integrantes del Servicio de Alimentaci\u00f3n y Nutrici\u00f3n de COMECA realizaron actividades promocionales e informativas en las policl\u00ednicas de las ciudades de Canelones y Santa Luc\u00eda.<\/p>\n\n\n\n<div class=\"wp-block-coblocks-gallery-carousel\"><div class=\"is-cropped coblocks-gallery has-no-alignment has-caption-style-dark has-horizontal-gutter\"><div class=\"has-carousel has-carousel-lrg\" style=\"height:400px\" data-flickity=\"{&quot;autoPlay&quot;:false,&quot;draggable&quot;:true,&quot;pageDots&quot;:false,&quot;prevNextButtons&quot;:true,&quot;wrapAround&quot;:true,&quot;cellAlign&quot;:&quot;center&quot;,&quot;pauseAutoPlayOnHover&quot;:false,&quot;freeScroll&quot;:false,&quot;arrowShape&quot;:{&quot;x0&quot;:10,&quot;x1&quot;:60,&quot;y1&quot;:50,&quot;x2&quot;:65,&quot;y2&quot;:45,&quot;x3&quot;:20},&quot;thumbnails&quot;:false,&quot;responsiveHeight&quot;:false}\"><div class=\"coblocks-gallery--item\"><figure class=\"coblocks-gallery--figure has-margin-left-5 has-margin-left-mobile-5 has-margin-right-5 has-margin-right-mobile-5\"><img decoding=\"async\" src=\"https:\/\/comeca.uy\/wp-content\/uploads\/2021\/10\/WhatsApp-Image-2021-10-16-at-12.34.09-1024x768.jpeg\" alt=\"\" data-id=\"2277\" data-link=\"https:\/\/comeca.uy\/?attachment_id=2277\" class=\"wp-image-2277\"\/><\/figure><\/div><div class=\"coblocks-gallery--item\"><figure class=\"coblocks-gallery--figure has-margin-left-5 has-margin-left-mobile-5 has-margin-right-5 has-margin-right-mobile-5\"><img decoding=\"async\" src=\"https:\/\/comeca.uy\/wp-content\/uploads\/2021\/10\/WhatsApp-Image-2021-10-16-at-12.34.09-1-1024x768.jpeg\" alt=\"\" data-id=\"2276\" data-link=\"https:\/\/comeca.uy\/?attachment_id=2276\" class=\"wp-image-2276\"\/><\/figure><\/div><div class=\"coblocks-gallery--item\"><figure class=\"coblocks-gallery--figure has-margin-left-5 has-margin-left-mobile-5 has-margin-right-5 has-margin-right-mobile-5\"><img decoding=\"async\" src=\"https:\/\/comeca.uy\/wp-content\/uploads\/2021\/10\/WhatsApp-Image-2021-10-16-at-12.34.09-2-768x1024.jpeg\" alt=\"\" data-id=\"2275\" data-link=\"https:\/\/comeca.uy\/?attachment_id=2275\" class=\"wp-image-2275\"\/><\/figure><\/div><div class=\"coblocks-gallery--item\"><figure class=\"coblocks-gallery--figure has-margin-left-5 has-margin-left-mobile-5 has-margin-right-5 has-margin-right-mobile-5\"><img decoding=\"async\" src=\"https:\/\/comeca.uy\/wp-content\/uploads\/2021\/10\/WhatsApp-Image-2021-10-16-at-12.34.09-3-768x1024.jpeg\" alt=\"\" data-id=\"2274\" data-link=\"https:\/\/comeca.uy\/?attachment_id=2274\" class=\"wp-image-2274\"\/><\/figure><\/div><div class=\"coblocks-gallery--item\"><figure class=\"coblocks-gallery--figure has-margin-left-5 has-margin-left-mobile-5 has-margin-right-5 has-margin-right-mobile-5\"><img decoding=\"async\" src=\"https:\/\/comeca.uy\/wp-content\/uploads\/2021\/10\/WhatsApp-Image-2021-10-16-at-12.13.40-1024x1024.jpeg\" alt=\"\" data-id=\"2273\" data-link=\"https:\/\/comeca.uy\/?attachment_id=2273\" class=\"wp-image-2273\"\/><\/figure><\/div><div class=\"coblocks-gallery--item\"><figure class=\"coblocks-gallery--figure has-margin-left-5 has-margin-left-mobile-5 has-margin-right-5 has-margin-right-mobile-5\"><img decoding=\"async\" src=\"https:\/\/comeca.uy\/wp-content\/uploads\/2021\/10\/WhatsApp-Image-2021-10-16-at-12.13.39.jpeg\" alt=\"\" data-id=\"2272\" data-link=\"https:\/\/comeca.uy\/?attachment_id=2272\" class=\"wp-image-2272\"\/><\/figure><\/div><\/div><\/div><\/div>\n","protected":false},"excerpt":{"rendered":"<p>Este s\u00e1bado 16 de octubre, D\u00eda Mundial de la Alimentaci\u00f3n, integrantes del Servicio de Alimentaci\u00f3n y Nutrici\u00f3n de COMECA realizaron actividades promocionales e informativas en las policl\u00ednicas de las ciudades de Canelones y Santa Luc\u00eda.<\/p>\n","protected":false},"author":1,"featured_media":2277,"comment_status":"closed","ping_status":"closed","sticky":false,"template":"","format":"standard","meta":{"footnotes":""},"categories":[49],"tags":[91,108,125],"class_list":["post-2271","post","type-post","status-publish","format-standard","has-post-thumbnail","hentry","category-noticias-2021","tag-alimentacion-2","tag-medicina-2","tag-salud"],"_links":{"self":[{"href":"https:\/\/comeca.uy\/web\/wp-json\/wp\/v2\/posts\/2271","targetHints":{"allow":["GET"]}}],"collection":[{"href":"https:\/\/comeca.uy\/web\/wp-json\/wp\/v2\/posts"}],"about":[{"href":"https:\/\/comeca.uy\/web\/wp-json\/wp\/v2\/types\/post"}],"author":[{"embeddable":true,"href":"https:\/\/comeca.uy\/web\/wp-json\/wp\/v2\/users\/1"}],"replies":[{"embeddable":true,"href":"https:\/\/comeca.uy\/web\/wp-json\/wp\/v2\/comments?post=2271"}],"version-history":[{"count":0,"href":"https:\/\/comeca.uy\/web\/wp-json\/wp\/v2\/posts\/2271\/revisions"}],"wp:featuredmedia":[{"embeddable":true,"href":"https:\/\/comeca.uy\/web\/wp-json\/"}],"wp:attachment":[{"href":"https:\/\/comeca.uy\/web\/wp-json\/wp\/v2\/media?parent=2271"}],"wp:term":[{"taxonomy":"category","embeddable":true,"href":"https:\/\/comeca.uy\/web\/wp-json\/wp\/v2\/categories?post=2271"},{"taxonomy":"post_tag","embeddable":true,"href":"https:\/\/comeca.uy\/web\/wp-json\/wp\/v2\/tags?post=2271"}],"curies":[{"name":"wp","href":"https:\/\/api.w.org\/{rel}","templated":true}]}}