{"id":2266,"date":"2021-10-15T17:54:11","date_gmt":"2021-10-15T20:54:11","guid":{"rendered":"https:\/\/comeca.uy\/?p=2266"},"modified":"2021-10-15T17:54:11","modified_gmt":"2021-10-15T20:54:11","slug":"16-de-octubre-dia-mundial-de-la-alimentacion-2","status":"publish","type":"post","link":"https:\/\/comeca.uy\/web\/16-de-octubre-dia-mundial-de-la-alimentacion-2\/","title":{"rendered":"16 de Octubre D\u00eda Mundial de la Alimentaci\u00f3n"},"content":{"rendered":"\n<p>Celebrando el D\u00eda Mundial de la Alimentaci\u00f3n y comprometidos con la tarea de aportar a la mejora en la calidad de vida de nuestra comunidad, desde el Servicio de Alimentaci\u00f3n y Nutrici\u00f3n de COMECA estaremos realizando actividades promocionales e informativas en las policl\u00ednicas de las ciudades de Canelones y Santa Luc\u00eda.<\/p>\n\n\n\n<figure class=\"wp-block-image size-full\"><img decoding=\"async\" src=\"https:\/\/comeca.uy\/wp-content\/uploads\/2021\/10\/Dia-Alimentacion.jpeg\" alt=\"\" class=\"wp-image-2267\"\/><\/figure>\n","protected":false},"excerpt":{"rendered":"<p>Celebrando el D\u00eda Mundial de la Alimentaci\u00f3n y comprometidos con la tarea de aportar a la mejora en la calidad de vida de nuestra comunidad, desde el Servicio de Alimentaci\u00f3n y Nutrici\u00f3n de COMECA estaremos realizando actividades promocionales e informativas en las policl\u00ednicas de las ciudades de Canelones y Santa Luc\u00eda.<\/p>\n","protected":false},"author":1,"featured_media":2267,"comment_status":"closed","ping_status":"closed","sticky":false,"template":"","format":"standard","meta":{"footnotes":""},"categories":[49],"tags":[58,74,86],"class_list":["post-2266","post","type-post","status-publish","format-standard","has-post-thumbnail","hentry","category-noticias-2021","tag-alimentacion","tag-medicina","tag-salud-2"],"_links":{"self":[{"href":"https:\/\/comeca.uy\/web\/wp-json\/wp\/v2\/posts\/2266","targetHints":{"allow":["GET"]}}],"collection":[{"href":"https:\/\/comeca.uy\/web\/wp-json\/wp\/v2\/posts"}],"about":[{"href":"https:\/\/comeca.uy\/web\/wp-json\/wp\/v2\/types\/post"}],"author":[{"embeddable":true,"href":"https:\/\/comeca.uy\/web\/wp-json\/wp\/v2\/users\/1"}],"replies":[{"embeddable":true,"href":"https:\/\/comeca.uy\/web\/wp-json\/wp\/v2\/comments?post=2266"}],"version-history":[{"count":0,"href":"https:\/\/comeca.uy\/web\/wp-json\/wp\/v2\/posts\/2266\/revisions"}],"wp:featuredmedia":[{"embeddable":true,"href":"https:\/\/comeca.uy\/web\/wp-json\/"}],"wp:attachment":[{"href":"https:\/\/comeca.uy\/web\/wp-json\/wp\/v2\/media?parent=2266"}],"wp:term":[{"taxonomy":"category","embeddable":true,"href":"https:\/\/comeca.uy\/web\/wp-json\/wp\/v2\/categories?post=2266"},{"taxonomy":"post_tag","embeddable":true,"href":"https:\/\/comeca.uy\/web\/wp-json\/wp\/v2\/tags?post=2266"}],"curies":[{"name":"wp","href":"https:\/\/api.w.org\/{rel}","templated":true}]}}