{"id":1990,"date":"2021-05-10T13:21:35","date_gmt":"2021-05-10T16:21:35","guid":{"rendered":"https:\/\/comeca.uy\/?p=1990"},"modified":"2021-05-10T13:21:35","modified_gmt":"2021-05-10T16:21:35","slug":"se-convoca-a-medicos-pediatras-intensivistas-o-medicos-neonatologos-aspirantes-para-integrar-equipo-asistencial-de-guardias-en-cti-pediatrico-neonatal","status":"publish","type":"post","link":"https:\/\/comeca.uy\/web\/se-convoca-a-medicos-pediatras-intensivistas-o-medicos-neonatologos-aspirantes-para-integrar-equipo-asistencial-de-guardias-en-cti-pediatrico-neonatal\/","title":{"rendered":"Se convoca a M\u00e9dicos Pediatras Intensivistas o M\u00e9dicos Neonat\u00f3logos aspirantes para integrar equipo asistencial de guardias en CTI PEDI\u00c1TRICO NEONATAL"},"content":{"rendered":"<p>Se convoca a M\u00e9dicos Pediatras Intensivistas o M\u00e9dicos Neonat\u00f3logos aspirantes para integrar equipo asistencial de guardias en CTI PEDI\u00c1TRICO NEONATAL<\/p>\n<p>REQUISITOS EXCLUYENTES<\/p>\n<p>T\u00edtulo de M\u00e9dico General y Especialista en Pediatr\u00eda, expedido por la Facultad de Medicina de la UDELAR o Instituciones Privadas habilitadas por el Ministerio de Educaci\u00f3n y Cultura.<\/p>\n<p>T\u00edtulo registrado y habilitado por el M.S.P.<\/p>\n<p>T\u00edtulo de Especialista en Pediatr\u00eda Intensiva y\/o Neonatolog\u00eda, o constancia de habilitaci\u00f3n acad\u00e9mica para la realizaci\u00f3n de guardias otorgada por las respectivas C\u00e1tedras.<\/p>\n<p>Inscripci\u00f3n vigente en el Colegio M\u00e9dico del Uruguay (Ley N\u00ba 18.591 \u2013 Art. 2\u00ba)<\/p>\n<p>SE VALORAR\u00c1<br \/>\nFormaci\u00f3n simult\u00e1nea en medicina intensiva y neonatolog\u00eda<br \/>\nFormaci\u00f3n complementaria af\u00edn a las particularidades del cargo<br \/>\nExperiencia laboral en tareas de similar porte, debidamente acreditadas a trav\u00e9s de la presentaci\u00f3n de constancias Institucionales y\/o de Jefes de Servicios que certifiquen el desempe\u00f1o de funciones en dichas disciplinas.<\/p>\n<p>V\u00cdNCULO LABORAL: Ejercicio libre de la profesi\u00f3n.<\/p>\n<p>PRESENTACI\u00d3N DE SOLICITUDES<br \/>\nLos interesados deber\u00e1n presentar su Curr\u00edculum en el Dpto. de RRHH (Batlle y Ordo\u00f1ez 136, 2\u00ba piso) en el horario de 10 a 17 horas o remitirlo por mail a: llamados @comeca.com.uy<br \/>\nEs imprescindible adjuntar la documentaci\u00f3n correspondiente que acredite la formaci\u00f3n y experiencia. Adem\u00e1s, fotocopia de C.I.<\/p>\n<p>La recepci\u00f3n de solicitudes es hasta el 28 de MAYO del 2021<\/p>\n<p>#medicina #salud #pediatr\u00eda #neonatolog\u00eda #ctipedi\u00e1trico<\/p>\n","protected":false},"excerpt":{"rendered":"<p>Se convoca a M\u00e9dicos Pediatras Intensivistas o M\u00e9dicos Neonat\u00f3logos aspirantes para integrar equipo asistencial de guardias en CTI PEDI\u00c1TRICO NEONATAL REQUISITOS EXCLUYENTES T\u00edtulo de M\u00e9dico General y Especialista en Pediatr\u00eda, expedido por la Facultad de Medicina de la UDELAR o Instituciones Privadas habilitadas por el Ministerio de Educaci\u00f3n y Cultura. T\u00edtulo registrado y habilitado por [&hellip;]<\/p>\n","protected":false},"author":1,"featured_media":1991,"comment_status":"closed","ping_status":"closed","sticky":false,"template":"","format":"standard","meta":{"footnotes":""},"categories":[54],"tags":[],"class_list":["post-1990","post","type-post","status-publish","format-standard","has-post-thumbnail","hentry","category-sin-categoria"],"_links":{"self":[{"href":"https:\/\/comeca.uy\/web\/wp-json\/wp\/v2\/posts\/1990","targetHints":{"allow":["GET"]}}],"collection":[{"href":"https:\/\/comeca.uy\/web\/wp-json\/wp\/v2\/posts"}],"about":[{"href":"https:\/\/comeca.uy\/web\/wp-json\/wp\/v2\/types\/post"}],"author":[{"embeddable":true,"href":"https:\/\/comeca.uy\/web\/wp-json\/wp\/v2\/users\/1"}],"replies":[{"embeddable":true,"href":"https:\/\/comeca.uy\/web\/wp-json\/wp\/v2\/comments?post=1990"}],"version-history":[{"count":0,"href":"https:\/\/comeca.uy\/web\/wp-json\/wp\/v2\/posts\/1990\/revisions"}],"wp:featuredmedia":[{"embeddable":true,"href":"https:\/\/comeca.uy\/web\/wp-json\/"}],"wp:attachment":[{"href":"https:\/\/comeca.uy\/web\/wp-json\/wp\/v2\/media?parent=1990"}],"wp:term":[{"taxonomy":"category","embeddable":true,"href":"https:\/\/comeca.uy\/web\/wp-json\/wp\/v2\/categories?post=1990"},{"taxonomy":"post_tag","embeddable":true,"href":"https:\/\/comeca.uy\/web\/wp-json\/wp\/v2\/tags?post=1990"}],"curies":[{"name":"wp","href":"https:\/\/api.w.org\/{rel}","templated":true}]}}