{"id":1911,"date":"2021-04-23T17:49:12","date_gmt":"2021-04-23T20:49:12","guid":{"rendered":"https:\/\/comeca.uy\/?p=1911"},"modified":"2021-04-23T17:49:12","modified_gmt":"2021-04-23T20:49:12","slug":"ya-esta-habilitado-vacunatorio-covid-19-en-centro-auxiliar-de-santa-lucia","status":"publish","type":"post","link":"https:\/\/comeca.uy\/web\/ya-esta-habilitado-vacunatorio-covid-19-en-centro-auxiliar-de-santa-lucia\/","title":{"rendered":"YA ESTA HABILITADO VACUNATORIO COVID-19 EN CENTRO AUXILIAR DE SANTA LUCIA"},"content":{"rendered":"<p>Con la presencia de la Dra. Gretel Morena, Presidente de COMECA , la Secretaria de Consejo Directivo Dra Lucia Vignoly y Dra Alicia L\u00f3pez Directora Asistencial de Santa Lucia junto al Dr. Pablo L\u00f3pez, Director del Centro Auxiliar de ASSE y el Dr. Diego Garc\u00eda, Director Departamental de Salud, se puso en funcionamiento el vacunatorio contra COVID-19 en la ciudad de Santa Luc\u00eda, para usuarios de nuestra instituci\u00f3n, as\u00ed como de otros prestadores de salud.<br \/>\nEl vacunatorio funciona en el Centro Auxiliar de Santa Luc\u00eda y en esta primera instancia agenda a personas mayores de 60 a\u00f1os para recibir la vacuna Astra Zeneca.<\/p>\n<p>#medicina #salud #coronavirus #YoMeVacuno<\/p>\n","protected":false},"excerpt":{"rendered":"<p>Con la presencia de la Dra. Gretel Morena, Presidente de COMECA , la Secretaria de Consejo Directivo Dra Lucia Vignoly y Dra Alicia L\u00f3pez Directora Asistencial de Santa Lucia junto al Dr. Pablo L\u00f3pez, Director del Centro Auxiliar de ASSE y el Dr. Diego Garc\u00eda, Director Departamental de Salud, se puso en funcionamiento el vacunatorio [&hellip;]<\/p>\n","protected":false},"author":1,"featured_media":1912,"comment_status":"closed","ping_status":"closed","sticky":false,"template":"","format":"standard","meta":{"footnotes":""},"categories":[54],"tags":[],"class_list":["post-1911","post","type-post","status-publish","format-standard","has-post-thumbnail","hentry","category-sin-categoria"],"_links":{"self":[{"href":"https:\/\/comeca.uy\/web\/wp-json\/wp\/v2\/posts\/1911","targetHints":{"allow":["GET"]}}],"collection":[{"href":"https:\/\/comeca.uy\/web\/wp-json\/wp\/v2\/posts"}],"about":[{"href":"https:\/\/comeca.uy\/web\/wp-json\/wp\/v2\/types\/post"}],"author":[{"embeddable":true,"href":"https:\/\/comeca.uy\/web\/wp-json\/wp\/v2\/users\/1"}],"replies":[{"embeddable":true,"href":"https:\/\/comeca.uy\/web\/wp-json\/wp\/v2\/comments?post=1911"}],"version-history":[{"count":0,"href":"https:\/\/comeca.uy\/web\/wp-json\/wp\/v2\/posts\/1911\/revisions"}],"wp:featuredmedia":[{"embeddable":true,"href":"https:\/\/comeca.uy\/web\/wp-json\/"}],"wp:attachment":[{"href":"https:\/\/comeca.uy\/web\/wp-json\/wp\/v2\/media?parent=1911"}],"wp:term":[{"taxonomy":"category","embeddable":true,"href":"https:\/\/comeca.uy\/web\/wp-json\/wp\/v2\/categories?post=1911"},{"taxonomy":"post_tag","embeddable":true,"href":"https:\/\/comeca.uy\/web\/wp-json\/wp\/v2\/tags?post=1911"}],"curies":[{"name":"wp","href":"https:\/\/api.w.org\/{rel}","templated":true}]}}