{"id":1181,"date":"2019-12-30T10:05:41","date_gmt":"2019-12-30T13:05:41","guid":{"rendered":"https:\/\/comeca.uy\/?p=1181"},"modified":"2019-12-30T10:05:41","modified_gmt":"2019-12-30T13:05:41","slug":"firma-de-contrato-interinstitucional-ucep-sur","status":"publish","type":"post","link":"https:\/\/comeca.uy\/web\/firma-de-contrato-interinstitucional-ucep-sur\/","title":{"rendered":"Firma de contrato interinstitucional &#8211; UCEP SUR"},"content":{"rendered":"<p>Reafirmando el esp\u00edritu federativo que hace m\u00e1s de medio siglo dio origen a una federaci\u00f3n de instituciones de asistencia m\u00e9dica colectiva que priorizan la excelencia en atenci\u00f3n para asegurar una medicina de calidad en todo el pa\u00eds, COMECA recibi\u00f3\u00a0<span id=\"OBJ_PREFIX_DWT4120_com_zimbra_date\" class=\"Object\">este jueves<\/span>\u00a0<span id=\"OBJ_PREFIX_DWT4121_com_zimbra_date\" class=\"Object\">26 de diciembre<\/span>\u00a0a las autoridades de CAAMEPA, CRAMI y COMEF, para sellar el acuerdo de conformaci\u00f3n de la UCEP Sur.<\/p>\n<p>Se trata de una unidad de cuidados especiales pedi\u00e1tricos que funciona dentro del Sanatorio 1 de COMECA en la ciudad de Canelones, y en la que se asistir\u00e1n usuarios de la regi\u00f3n, tanto sean afiliados a nuestras instituci\u00f3n como a las firmantes de dicho acuerdo.<\/p>\n<p>La concreci\u00f3n de este nuevo servicio regional, es un paso m\u00e1s hacia el desarrollo de una medicina de alto nivel que se base en la complementaci\u00f3n y uni\u00f3n de esfuerzo entre instituciones comprometidas con la premisa de acercar la salud al lugar donde vive la gente.<\/p>\n","protected":false},"excerpt":{"rendered":"<p>Reafirmando el esp\u00edritu federativo que hace m\u00e1s de medio siglo dio origen a una federaci\u00f3n de instituciones de asistencia m\u00e9dica colectiva que priorizan la excelencia en atenci\u00f3n para asegurar una medicina de calidad en todo el pa\u00eds, COMECA recibi\u00f3\u00a0este jueves\u00a026 de diciembre\u00a0a las autoridades de CAAMEPA, CRAMI y COMEF, para sellar el acuerdo de conformaci\u00f3n [&hellip;]<\/p>\n","protected":false},"author":1,"featured_media":1182,"comment_status":"closed","ping_status":"closed","sticky":false,"template":"","format":"standard","meta":{"footnotes":""},"categories":[47],"tags":[],"class_list":["post-1181","post","type-post","status-publish","format-standard","has-post-thumbnail","hentry","category-noticias-2019"],"_links":{"self":[{"href":"https:\/\/comeca.uy\/web\/wp-json\/wp\/v2\/posts\/1181","targetHints":{"allow":["GET"]}}],"collection":[{"href":"https:\/\/comeca.uy\/web\/wp-json\/wp\/v2\/posts"}],"about":[{"href":"https:\/\/comeca.uy\/web\/wp-json\/wp\/v2\/types\/post"}],"author":[{"embeddable":true,"href":"https:\/\/comeca.uy\/web\/wp-json\/wp\/v2\/users\/1"}],"replies":[{"embeddable":true,"href":"https:\/\/comeca.uy\/web\/wp-json\/wp\/v2\/comments?post=1181"}],"version-history":[{"count":0,"href":"https:\/\/comeca.uy\/web\/wp-json\/wp\/v2\/posts\/1181\/revisions"}],"wp:featuredmedia":[{"embeddable":true,"href":"https:\/\/comeca.uy\/web\/wp-json\/"}],"wp:attachment":[{"href":"https:\/\/comeca.uy\/web\/wp-json\/wp\/v2\/media?parent=1181"}],"wp:term":[{"taxonomy":"category","embeddable":true,"href":"https:\/\/comeca.uy\/web\/wp-json\/wp\/v2\/categories?post=1181"},{"taxonomy":"post_tag","embeddable":true,"href":"https:\/\/comeca.uy\/web\/wp-json\/wp\/v2\/tags?post=1181"}],"curies":[{"name":"wp","href":"https:\/\/api.w.org\/{rel}","templated":true}]}}