{"id":1158,"date":"2019-12-10T09:49:35","date_gmt":"2019-12-10T12:49:35","guid":{"rendered":"https:\/\/comeca.uy\/?p=1158"},"modified":"2019-12-10T09:49:35","modified_gmt":"2019-12-10T12:49:35","slug":"jornada-de-obesidad","status":"publish","type":"post","link":"https:\/\/comeca.uy\/web\/jornada-de-obesidad\/","title":{"rendered":"Jornada de Obesidad"},"content":{"rendered":"<p>El d\u00eda 16 de noviembre se llev\u00f3 a cabo en COMECA \u2013 CANELONES; una Jornada Acreditada por la Escuela de Graduados que fue organizada por el Comit\u00e9 de Educaci\u00f3n de COMECA,<\/p>\n<p>conjuntamente con el Equipo de Cirug\u00eda Bari\u00e1trica y Metab\u00f3lica del Hospital Maciel a cargo del Prof. Dr. Gustavo Rodr\u00edguez; sobre \u201cManejo de la Obesidad y sus comorbilidades.<\/p>\n<p>Un problema de Salud no resuelto\u201d<\/p>\n<p>&nbsp;<\/p>\n<p>El objetivo de dicha actividad fue difundir y promover un abordaje actualizado para el manejo de pacientes con distintos grados de obesidad,<\/p>\n<p>as\u00ed como en diab\u00e9ticos tipo 2. Los integrantes del equipo de salud analizaron las distintas estrategias terap\u00e9uticas disponibles para la asistencia del paciente<\/p>\n<p>obeso m\u00f3rbido adulto y pedi\u00e1trico. Se cont\u00f3 con una vasta concurrencia de profesionales de diversas Instituciones: COMEF, MUCAM, CRAMI y ASSE.<\/p>\n<p>&nbsp;<\/p>\n<p><a href=\"https:\/\/comeca.uy\/wp-content\/uploads\/2019\/12\/1_ob.png\"><img loading=\"lazy\" decoding=\"async\" class=\"aligncenter size-full wp-image-1156\" src=\"https:\/\/comeca.uy\/wp-content\/uploads\/2019\/12\/1_ob.png\" alt=\"\" width=\"580\" height=\"572\" \/><\/a> <a href=\"https:\/\/comeca.uy\/wp-content\/uploads\/2019\/12\/2_ob.png\"><img loading=\"lazy\" decoding=\"async\" class=\"aligncenter size-full wp-image-1155\" src=\"https:\/\/comeca.uy\/wp-content\/uploads\/2019\/12\/2_ob.png\" alt=\"\" width=\"567\" height=\"760\" \/><\/a><\/p>\n","protected":false},"excerpt":{"rendered":"<p>El d\u00eda 16 de noviembre se llev\u00f3 a cabo en COMECA \u2013 CANELONES; una Jornada Acreditada por la Escuela de Graduados que fue organizada por el Comit\u00e9 de Educaci\u00f3n de COMECA, conjuntamente con el Equipo de Cirug\u00eda Bari\u00e1trica y Metab\u00f3lica del Hospital Maciel a cargo del Prof. Dr. Gustavo Rodr\u00edguez; sobre \u201cManejo de la Obesidad [&hellip;]<\/p>\n","protected":false},"author":1,"featured_media":1156,"comment_status":"closed","ping_status":"closed","sticky":false,"template":"","format":"standard","meta":{"footnotes":""},"categories":[47],"tags":[],"class_list":["post-1158","post","type-post","status-publish","format-standard","has-post-thumbnail","hentry","category-noticias-2019"],"_links":{"self":[{"href":"https:\/\/comeca.uy\/web\/wp-json\/wp\/v2\/posts\/1158","targetHints":{"allow":["GET"]}}],"collection":[{"href":"https:\/\/comeca.uy\/web\/wp-json\/wp\/v2\/posts"}],"about":[{"href":"https:\/\/comeca.uy\/web\/wp-json\/wp\/v2\/types\/post"}],"author":[{"embeddable":true,"href":"https:\/\/comeca.uy\/web\/wp-json\/wp\/v2\/users\/1"}],"replies":[{"embeddable":true,"href":"https:\/\/comeca.uy\/web\/wp-json\/wp\/v2\/comments?post=1158"}],"version-history":[{"count":0,"href":"https:\/\/comeca.uy\/web\/wp-json\/wp\/v2\/posts\/1158\/revisions"}],"wp:featuredmedia":[{"embeddable":true,"href":"https:\/\/comeca.uy\/web\/wp-json\/"}],"wp:attachment":[{"href":"https:\/\/comeca.uy\/web\/wp-json\/wp\/v2\/media?parent=1158"}],"wp:term":[{"taxonomy":"category","embeddable":true,"href":"https:\/\/comeca.uy\/web\/wp-json\/wp\/v2\/categories?post=1158"},{"taxonomy":"post_tag","embeddable":true,"href":"https:\/\/comeca.uy\/web\/wp-json\/wp\/v2\/tags?post=1158"}],"curies":[{"name":"wp","href":"https:\/\/api.w.org\/{rel}","templated":true}]}}