{"id":1152,"date":"2019-12-10T09:48:36","date_gmt":"2019-12-10T12:48:36","guid":{"rendered":"https:\/\/comeca.uy\/?p=1152"},"modified":"2019-12-10T09:48:36","modified_gmt":"2019-12-10T12:48:36","slug":"manejo-y-soporte-de-la-insuficiencia-respiratoria","status":"publish","type":"post","link":"https:\/\/comeca.uy\/web\/manejo-y-soporte-de-la-insuficiencia-respiratoria\/","title":{"rendered":"Manejo y soporte de la Insuficiencia Respiratoria"},"content":{"rendered":"<p>COMECA, siempre se ha caracterizado por ser una Instituci\u00f3n que siempre promovido la formaci\u00f3n permanente de los integrantes de su equipo de salud.<\/p>\n<p>El d\u00eda 7 de diciembre se llev\u00f3 a cabo en COMECA \u2013 CANELONES; una Jornada Acreditada por la Escuela de Graduados, que fue organizada por el Comit\u00e9 de Educaci\u00f3n de COMECA,<\/p>\n<p>&nbsp;<\/p>\n<p>y el \u00c1rea de Cuidados Especializados (UMIC-UCIC) El tema tratado en esta oportunidad fue: \u201cManejo y soporte de la Insuficiencia Respiratoria\u201d Los docentes encargados de presentarlo: Dr. Pedro Alzugaray, Dr. Rodrigo Beltramelli y Nicol\u00e1s Tomassina.<\/p>\n<p>El objetivo de dicha actividad es el reconocimiento precoz de la insuficiencia respiratoria, su diagn\u00f3stico y severidad as\u00ed como el manejo de todo el arsenal terap\u00e9utico disponible para las diferentes etapas de la enfermedad.<\/p>\n<p>Participaron de dicha actividad profesionales de diversas especialidades e Instituciones<\/p>\n<p>&nbsp;<\/p>\n<p><a href=\"https:\/\/comeca.uy\/wp-content\/uploads\/2019\/12\/1_man.png\"><img loading=\"lazy\" decoding=\"async\" class=\"aligncenter size-full wp-image-1154\" src=\"https:\/\/comeca.uy\/wp-content\/uploads\/2019\/12\/1_man.png\" alt=\"\" width=\"580\" height=\"433\" \/><\/a> <a href=\"https:\/\/comeca.uy\/wp-content\/uploads\/2019\/12\/2_man.png\"><img loading=\"lazy\" decoding=\"async\" class=\"aligncenter size-full wp-image-1153\" src=\"https:\/\/comeca.uy\/wp-content\/uploads\/2019\/12\/2_man.png\" alt=\"\" width=\"524\" height=\"861\" \/><\/a><\/p>\n","protected":false},"excerpt":{"rendered":"<p>COMECA, siempre se ha caracterizado por ser una Instituci\u00f3n que siempre promovido la formaci\u00f3n permanente de los integrantes de su equipo de salud. El d\u00eda 7 de diciembre se llev\u00f3 a cabo en COMECA \u2013 CANELONES; una Jornada Acreditada por la Escuela de Graduados, que fue organizada por el Comit\u00e9 de Educaci\u00f3n de COMECA, &nbsp; [&hellip;]<\/p>\n","protected":false},"author":1,"featured_media":1154,"comment_status":"closed","ping_status":"closed","sticky":false,"template":"","format":"standard","meta":{"footnotes":""},"categories":[47],"tags":[],"class_list":["post-1152","post","type-post","status-publish","format-standard","has-post-thumbnail","hentry","category-noticias-2019"],"_links":{"self":[{"href":"https:\/\/comeca.uy\/web\/wp-json\/wp\/v2\/posts\/1152","targetHints":{"allow":["GET"]}}],"collection":[{"href":"https:\/\/comeca.uy\/web\/wp-json\/wp\/v2\/posts"}],"about":[{"href":"https:\/\/comeca.uy\/web\/wp-json\/wp\/v2\/types\/post"}],"author":[{"embeddable":true,"href":"https:\/\/comeca.uy\/web\/wp-json\/wp\/v2\/users\/1"}],"replies":[{"embeddable":true,"href":"https:\/\/comeca.uy\/web\/wp-json\/wp\/v2\/comments?post=1152"}],"version-history":[{"count":0,"href":"https:\/\/comeca.uy\/web\/wp-json\/wp\/v2\/posts\/1152\/revisions"}],"wp:featuredmedia":[{"embeddable":true,"href":"https:\/\/comeca.uy\/web\/wp-json\/"}],"wp:attachment":[{"href":"https:\/\/comeca.uy\/web\/wp-json\/wp\/v2\/media?parent=1152"}],"wp:term":[{"taxonomy":"category","embeddable":true,"href":"https:\/\/comeca.uy\/web\/wp-json\/wp\/v2\/categories?post=1152"},{"taxonomy":"post_tag","embeddable":true,"href":"https:\/\/comeca.uy\/web\/wp-json\/wp\/v2\/tags?post=1152"}],"curies":[{"name":"wp","href":"https:\/\/api.w.org\/{rel}","templated":true}]}}