{"id":1145,"date":"2019-11-28T08:15:34","date_gmt":"2019-11-28T11:15:34","guid":{"rendered":"https:\/\/comeca.uy\/?p=1145"},"modified":"2019-11-28T08:15:34","modified_gmt":"2019-11-28T11:15:34","slug":"jornada-sobre-atencion-perinatal-del-prematuro-asistencia-y-traslado","status":"publish","type":"post","link":"https:\/\/comeca.uy\/web\/jornada-sobre-atencion-perinatal-del-prematuro-asistencia-y-traslado\/","title":{"rendered":"JORNADA SOBRE ATENCION PERINATAL DEL PREMATURO, ASISTENCIA Y TRASLADO"},"content":{"rendered":"<p>Se llev\u00f3 a cabo jornada de Capacitaci\u00f3n para el personal T\u00e9cnico, Enfermer\u00eda y M\u00e9dicos del Sector Materno Infantil,UCEP, SEMIC, Block Quir\u00fargico y Emergencia, con el objetivo de mejorar la calidad de asistencia del Reci\u00e9n Nacido Prematuro, por parte de Docentes de la Factultad de Medicina, Udelar, Centro Hospitalario Pereira Rossell y Hospital de Cl\u00ednicas.<\/p>\n\n","protected":false},"excerpt":{"rendered":"<p>Se llev\u00f3 a cabo jornada de Capacitaci\u00f3n para el personal T\u00e9cnico, Enfermer\u00eda y M\u00e9dicos del Sector Materno Infantil,UCEP, SEMIC, Block Quir\u00fargico y Emergencia, con el objetivo de mejorar la calidad de asistencia del Reci\u00e9n Nacido Prematuro, por parte de Docentes de la Factultad de Medicina, Udelar, Centro Hospitalario Pereira Rossell y Hospital de Cl\u00ednicas.<\/p>\n","protected":false},"author":1,"featured_media":1148,"comment_status":"closed","ping_status":"closed","sticky":false,"template":"","format":"standard","meta":{"footnotes":""},"categories":[47],"tags":[],"class_list":["post-1145","post","type-post","status-publish","format-standard","has-post-thumbnail","hentry","category-noticias-2019"],"_links":{"self":[{"href":"https:\/\/comeca.uy\/web\/wp-json\/wp\/v2\/posts\/1145","targetHints":{"allow":["GET"]}}],"collection":[{"href":"https:\/\/comeca.uy\/web\/wp-json\/wp\/v2\/posts"}],"about":[{"href":"https:\/\/comeca.uy\/web\/wp-json\/wp\/v2\/types\/post"}],"author":[{"embeddable":true,"href":"https:\/\/comeca.uy\/web\/wp-json\/wp\/v2\/users\/1"}],"replies":[{"embeddable":true,"href":"https:\/\/comeca.uy\/web\/wp-json\/wp\/v2\/comments?post=1145"}],"version-history":[{"count":0,"href":"https:\/\/comeca.uy\/web\/wp-json\/wp\/v2\/posts\/1145\/revisions"}],"wp:featuredmedia":[{"embeddable":true,"href":"https:\/\/comeca.uy\/web\/wp-json\/"}],"wp:attachment":[{"href":"https:\/\/comeca.uy\/web\/wp-json\/wp\/v2\/media?parent=1145"}],"wp:term":[{"taxonomy":"category","embeddable":true,"href":"https:\/\/comeca.uy\/web\/wp-json\/wp\/v2\/categories?post=1145"},{"taxonomy":"post_tag","embeddable":true,"href":"https:\/\/comeca.uy\/web\/wp-json\/wp\/v2\/tags?post=1145"}],"curies":[{"name":"wp","href":"https:\/\/api.w.org\/{rel}","templated":true}]}}